{"id":355187,"date":"2025-08-30T21:30:18","date_gmt":"2025-08-30T21:30:18","guid":{"rendered":"https:\/\/www.europesays.com\/fr\/355187\/"},"modified":"2025-08-30T21:30:18","modified_gmt":"2025-08-30T21:30:18","slug":"noe-lebreton-transfere-au-nec-nimegue-infos-match-billet-smc","status":"publish","type":"post","link":"https:\/\/www.europesays.com\/fr\/355187\/","title":{"rendered":"No\u00e9 Lebreton transf\u00e9r\u00e9 au NEC Nim\u00e8gue | infos match &#8211; billet SMC"},"content":{"rendered":"<p>                                        Mercato<br \/>\n                        le 30\/08\/2025 \u00e0 21:24                    <\/p>\n<p>                <img loading=\"lazy\" decoding=\"async\" src=\"https:\/\/www.europesays.com\/fr\/wp-content\/uploads\/2025\/08\/noe.png\" width=\"870\" height=\"550\" alt=\"\"\/>                            <\/p>\n<p>Un peu plus de trois ans apr\u00e8s ses d\u00e9buts en professionnel sous les couleurs du Stade Malherbe Caen, No\u00e9 Lebreton s\u2019engage avec le NEC Nim\u00e8gue, actuel leader du championnat des Pays-Bas.<\/p>\n<p>Arriv\u00e9 en 2017 au centre de formation, le milieu de terrain originaire d\u2019Avranches s\u2019est impos\u00e9 progressivement comme l\u2019un des jeunes talents issus de la g\u00e9n\u00e9ration 2004. Il aura disput\u00e9 74 rencontres en trois saisons avec les professionnels, apr\u00e8s avoir notamment particip\u00e9 \u00e0 l\u2019aventure qui avait men\u00e9 le club jusqu\u2019en finale de la Coupe Gambardella.<\/p>\n<p>V\u00e9ritable Normand pur souche, No\u00e9 Lebreton s\u2019appr\u00eate d\u00e9sormais \u00e0 d\u00e9couvrir un nouveau championnat et une nouvelle \u00e9tape de sa carri\u00e8re.<\/p>\n<p>Le Stade Malherbe Caen souhaite le meilleur \u00e0 No\u00e9 Lebreton pour la suite de sa carri\u00e8re.<\/p>\n<p>Afficher le sous titre:\u00a0<\/p>\n<p>\n            Partager cet article sur :<\/p>\n","protected":false},"excerpt":{"rendered":"Mercato le 30\/08\/2025 \u00e0 21:24 Un peu plus de trois ans apr\u00e8s ses d\u00e9buts en professionnel sous les&hellip;\n","protected":false},"author":2,"featured_media":355188,"comment_status":"","ping_status":"","sticky":false,"template":"","format":"standard","meta":{"footnotes":""},"categories":[2],"tags":[11,13809,1011,27,13810,13808,12,25],"class_list":{"0":"post-355187","1":"post","2":"type-post","3":"status-publish","4":"format-standard","5":"has-post-thumbnail","7":"category-actualites","8":"tag-actualites","9":"tag-billet-smc","10":"tag-fr","11":"tag-france","12":"tag-informations-stade-malherbe-de-caen","13":"tag-infos-match","14":"tag-news","15":"tag-republique-francaise"},"share_on_mastodon":{"url":"https:\/\/pubeurope.com\/@fr\/115119851076946057","error":""},"_links":{"self":[{"href":"https:\/\/www.europesays.com\/fr\/wp-json\/wp\/v2\/posts\/355187","targetHints":{"allow":["GET"]}}],"collection":[{"href":"https:\/\/www.europesays.com\/fr\/wp-json\/wp\/v2\/posts"}],"about":[{"href":"https:\/\/www.europesays.com\/fr\/wp-json\/wp\/v2\/types\/post"}],"author":[{"embeddable":true,"href":"https:\/\/www.europesays.com\/fr\/wp-json\/wp\/v2\/users\/2"}],"replies":[{"embeddable":true,"href":"https:\/\/www.europesays.com\/fr\/wp-json\/wp\/v2\/comments?post=355187"}],"version-history":[{"count":0,"href":"https:\/\/www.europesays.com\/fr\/wp-json\/wp\/v2\/posts\/355187\/revisions"}],"wp:featuredmedia":[{"embeddable":true,"href":"https:\/\/www.europesays.com\/fr\/wp-json\/wp\/v2\/media\/355188"}],"wp:attachment":[{"href":"https:\/\/www.europesays.com\/fr\/wp-json\/wp\/v2\/media?parent=355187"}],"wp:term":[{"taxonomy":"category","embeddable":true,"href":"https:\/\/www.europesays.com\/fr\/wp-json\/wp\/v2\/categories?post=355187"},{"taxonomy":"post_tag","embeddable":true,"href":"https:\/\/www.europesays.com\/fr\/wp-json\/wp\/v2\/tags?post=355187"}],"curies":[{"name":"wp","href":"https:\/\/api.w.org\/{rel}","templated":true}]}}