{"id":355189,"date":"2025-08-30T21:31:29","date_gmt":"2025-08-30T21:31:29","guid":{"rendered":"https:\/\/www.europesays.com\/fr\/355189\/"},"modified":"2025-08-30T21:31:29","modified_gmt":"2025-08-30T21:31:29","slug":"en-cas-de-dissolution-le-rassemblement-national-arriverait-largement-en-tete","status":"publish","type":"post","link":"https:\/\/www.europesays.com\/fr\/355189\/","title":{"rendered":"en cas de dissolution, le Rassemblement national arriverait largement en t\u00eate"},"content":{"rendered":"<p>AA \/ Paris \/ \u00dcmit D\u00f6nmez<\/p>\n<p>Un sondage Elabe pour BFMTV et La Tribune Dimanche, publi\u00e9 samedi 30 ao\u00fbt, place le Rassemblement national (RN) et ses alli\u00e9s largement en t\u00eate des intentions de vote en cas de dissolution de l\u2019Assembl\u00e9e nationale fran\u00e7aise. Le parti de Marine Le Pen recueillerait entre 31 et 31,5 %, confirmant son statut de premi\u00e8re force \u00e9lectorale.<\/p>\n<p>La gauche unie (La France insoumise, Parti socialiste, \u00c9cologistes et Parti communiste) atteindrait 23,5 % des voix.<\/p>\n<p>La coalition pr\u00e9sidentielle Ensemble (Renaissance, MoDem, Horizons) reculerait fortement avec seulement 13,5 \u00e0 14 %, contre plus de 20 % en 2024. Les R\u00e9publicains, de leur c\u00f4t\u00e9, obtiendraient 10,5 %, se pla\u00e7ant derri\u00e8re le camp pr\u00e9sidentiel. Enfin, le parti Reconqu\u00eate ! d\u2019\u00c9ric Zemmour r\u00e9aliserait une perc\u00e9e notable avec 4,5 \u00e0 5 %, contre 0,75 % en 2024.<\/p>\n<p>Au-del\u00e0 des chiffres, le sondage illustre une \u00e9volution de l\u2019opinion. 53 % des Fran\u00e7ais estiment qu\u2019il ne faudrait pas faire barrage au Rassemblement national, contre 46 % qui y restent favorables. Un signe de normalisation du parti d\u2019extr\u00eame droite \u00e0 l\u2019approche d\u2019une possible recomposition politique.<\/p>\n<p>Cette enqu\u00eate est publi\u00e9e alors que Fran\u00e7ois Bayrou engagera, le 8 septembre, la responsabilit\u00e9 de son gouvernement devant l\u2019Assembl\u00e9e nationale. En cas d\u2019\u00e9chec, l\u2019hypoth\u00e8se d\u2019une dissolution, d\u00e9j\u00e0 \u00e9voqu\u00e9e par plusieurs responsables politiques, prendrait une nouvelle dimension.<\/p>\n<p>Pour rappel, lors d&rsquo;une d\u00e9claration r\u00e9cente \u00e0 la presse, le Pr\u00e9sident fran\u00e7ais Emmanuel Macron a indiqu\u00e9 qu\u2019il ne \u00ab souhaite \u00bb pas une nouvelle dissolution, mais qu\u2019il ne se \u00ab privera pas a priori d\u2019un pouvoir constitutionnel \u00bb.<\/p>\n<p>                            &#13;<br \/>\n                                <a href=\"https:\/\/www.aa.com.tr\/fr\/p\/abonnement\/1001\" target=\"_blank\" style=\"font-size:12px; color:#444; text-decoration:none;\" rel=\"noopener\">&#13;<br \/>\n                                    Seulement une partie des d\u00e9p\u00eaches, que l&rsquo;Agence Anadolu diffuse \u00e0 ses abonn\u00e9s via le Syst\u00e8me de Diffusion interne (HAS), est diffus\u00e9e sur le site de l&rsquo;AA, de mani\u00e8re r\u00e9sum\u00e9e. <b style=\"color:#1897F7\">Contactez-nous s&rsquo;il vous pla\u00eet pour vous abonner.<\/b>&#13;<br \/>\n                                <\/a>&#13;<\/p>\n","protected":false},"excerpt":{"rendered":"AA \/ Paris \/ \u00dcmit D\u00f6nmez Un sondage Elabe pour BFMTV et La Tribune Dimanche, publi\u00e9 samedi 30&hellip;\n","protected":false},"author":2,"featured_media":355190,"comment_status":"","ping_status":"","sticky":false,"template":"","format":"standard","meta":{"footnotes":""},"categories":[4],"tags":[49116,11,1785,1011,27,1023,12,2556,25,13947],"class_list":{"0":"post-355189","1":"post","2":"type-post","3":"status-publish","4":"format-standard","5":"has-post-thumbnail","7":"category-france","8":"tag-lection-lgislative","9":"tag-actualites","10":"tag-anadolu-ajansi","11":"tag-fr","12":"tag-france","13":"tag-la-france-insoumise-lfi","14":"tag-news","15":"tag-rassemblement-national-rn","16":"tag-republique-francaise","17":"tag-sondage"},"share_on_mastodon":{"url":"https:\/\/pubeurope.com\/@fr\/115119854975228944","error":""},"_links":{"self":[{"href":"https:\/\/www.europesays.com\/fr\/wp-json\/wp\/v2\/posts\/355189","targetHints":{"allow":["GET"]}}],"collection":[{"href":"https:\/\/www.europesays.com\/fr\/wp-json\/wp\/v2\/posts"}],"about":[{"href":"https:\/\/www.europesays.com\/fr\/wp-json\/wp\/v2\/types\/post"}],"author":[{"embeddable":true,"href":"https:\/\/www.europesays.com\/fr\/wp-json\/wp\/v2\/users\/2"}],"replies":[{"embeddable":true,"href":"https:\/\/www.europesays.com\/fr\/wp-json\/wp\/v2\/comments?post=355189"}],"version-history":[{"count":0,"href":"https:\/\/www.europesays.com\/fr\/wp-json\/wp\/v2\/posts\/355189\/revisions"}],"wp:featuredmedia":[{"embeddable":true,"href":"https:\/\/www.europesays.com\/fr\/wp-json\/wp\/v2\/media\/355190"}],"wp:attachment":[{"href":"https:\/\/www.europesays.com\/fr\/wp-json\/wp\/v2\/media?parent=355189"}],"wp:term":[{"taxonomy":"category","embeddable":true,"href":"https:\/\/www.europesays.com\/fr\/wp-json\/wp\/v2\/categories?post=355189"},{"taxonomy":"post_tag","embeddable":true,"href":"https:\/\/www.europesays.com\/fr\/wp-json\/wp\/v2\/tags?post=355189"}],"curies":[{"name":"wp","href":"https:\/\/api.w.org\/{rel}","templated":true}]}}