{"id":355193,"date":"2025-08-30T21:33:10","date_gmt":"2025-08-30T21:33:10","guid":{"rendered":"https:\/\/www.europesays.com\/fr\/355193\/"},"modified":"2025-08-30T21:33:10","modified_gmt":"2025-08-30T21:33:10","slug":"preparons-la-greve-generale-pour-faire-chuter-macron-et-stopper-lescalade-guerriere-en-europe","status":"publish","type":"post","link":"https:\/\/www.europesays.com\/fr\/355193\/","title":{"rendered":"Pr\u00e9parons la gr\u00e8ve g\u00e9n\u00e9rale pour faire chuter Macron et stopper l\u2019escalade guerri\u00e8re en Europe!"},"content":{"rendered":"<p>En appelant \u00e0 un vote de confiance, le Premier ministre Fran\u00e7ois Bayrou a fait exploser la crise politique en France et dans toute l\u2019Europe. Son gouvernement minoritaire est sur le point de tomber, sans aucun vainqueur clair en cas de nouvelles \u00e9lections l\u00e9gislatives. La France est dans l\u2019impasse.<\/p>\n<p>Un conflit irr\u00e9conciliable \u00e9merge entre la classe ouvri\u00e8re et l\u2019oligarchie capitaliste qui finance ses guerre via l\u2019aust\u00e9rit\u00e9. Alors que le chancelier allemand Friedrich Merz pr\u00e9pare un fonds de guerre de 1.000\u202fmilliards d\u2019euros et d\u00e9clare que \u00abl\u2019\u00c9tat social ne peut plus \u00eatre financ\u00e9\u00bb, Bayrou appelle \u00e0 supprimer les jours de cong\u00e9 et \u00e0 44\u202fmilliards d\u2019euros de mesures d\u2019aust\u00e9rit\u00e9 afin de pr\u00e9parer un triplement des d\u00e9penses militaires fran\u00e7aises. Cette politique d\u2019aust\u00e9rit\u00e9 et de militarisation, men\u00e9e dans toute l\u2019Europe, se heurte \u00e0 une opposition populaire massive.<\/p>\n<p>Selon les sondages, 84 pour cent des Fran\u00e7ais s\u2019opposent au budget de Bayrou. Plus des deux tiers souhaitent le d\u00e9part tant de Bayrou que de Macron, le pr\u00e9sident des riches. Des gr\u00e8ves sont en pr\u00e9paration chez les travailleurs de l\u2019\u00e9nergie, des chemins de fer et des transports publics, des supermarch\u00e9s, les chauffeurs de taxi et les pharmaciens, et les appels se multiplient pour bloquer l\u2019\u00e9conomie par une gr\u00e8ve nationale d\u2019un jour le 10\u202fseptembre.<\/p>\n<p>La situation politique est m\u00fbre pour une gr\u00e8ve g\u00e9n\u00e9rale comme celle de mai\u202f68 en France. Mais il faut lutter pour une telle \u00e9ruption de la lutte de classe, dont une gr\u00e8ve nationale d\u2019un jour ne serait qu\u2019une pr\u00e9paration. Il faut que la classe ouvri\u00e8re soit politiquement arm\u00e9e, qu&rsquo;elle comprenne ses t\u00e2ches dans la lutte internationale qui s&rsquo;annonce, et qu&rsquo;elle surmonte l&rsquo;obstacle que constituent les bureaucraties qui cherchent \u00e0 retarder et \u00e0 d\u00e9sorganiser ses luttes. <\/p>\n<p>En France, ce sont avant tout la coalition du Nouveau Front populaire (NFP) dirig\u00e9e par La France insoumise (LFI) de Jean-Luc\u202fM\u00e9lenchon, le Parti socialiste (PS) bourgeois, les Verts et le PCF stalinien. Les bureaucraties syndicales rejettent les appels \u00e0 bloquer l\u2019\u00e9conomie: la CFDT a dit qu\u2019ils n\u2019\u00e9taient \u00abpas notre m\u00e9thode\u00bb et la CGT les a \u00e9cart\u00e9s comme \u00abn\u00e9buleux\u00bb. M\u00e9lenchon appelle \u00e0 un \u00abblocage g\u00e9n\u00e9ral\u00bb d\u2019un jour le 10\u202fseptembre, \u00abcar le 23\u202fseptembre, nous d\u00e9poserons une motion de censure\u00bb au parlement, esp\u00e9rant forcer Macron \u00e0 d\u00e9missionner.<\/p>\n<p>Mais il n\u2019y a pas de solution nationale \u00e0 cette crise, et il faut se m\u00e9fier de partis petits-bourgeois comme LFI qui veulent subordonner la lutte de classe \u00e0 leurs man\u0153uvres parlementaires. La t\u00e2che pos\u00e9e aux travailleurs n\u2019est pas d\u2019\u00e9lire un nouveau gouvernement capitaliste, mais d\u2019arracher le pouvoir des mains d\u2019une oligarchie capitaliste qui plonge t\u00eate baiss\u00e9e dans la guerre et la dictature.<\/p>\n<p> Les racines de classe de la crise budg\u00e9taire fran\u00e7aise <\/p>\n<p>Les travailleurs ne peuvent pas r\u00e9soudre la crise budg\u00e9taire en \u00e9lisant un nouveau gouvernement capitaliste. Un tel gouvernement chercherait in\u00e9vitablement \u00e0 poursuivre les grandes lignes de la politique de Bayrou. Les travailleurs sont confront\u00e9s \u00e0 deux alternatives: mettre fin aux guerres et \u00e0 l&rsquo;escalade militaire en s&rsquo;attaquant directement \u00e0 la propri\u00e9t\u00e9 capitaliste, ou sombrer dans la pauvret\u00e9.<\/p>\n<p>Bayrou veut financer la hausse des d\u00e9penses militaires \u00e0 5\u202fpour cent du PIB, objectif fix\u00e9 par les puissances europ\u00e9ennes avec Washington dans le contexte de la guerre OTAN-Russie en Ukraine et du g\u00e9nocide \u00e0 Gaza. Il s\u2019agit de d\u00e9gager 100\u202fmilliards d\u2019euros par an pour l\u2019arm\u00e9e, tout en sabrant les budgets de l\u2019\u00c9tat afin de rassurer les banques sur la capacit\u00e9 de la France \u00e0 rembourser sa dette.<\/p>\n<p>Les travailleurs ne sont pas responsables de ces dettes. Depuis le krach de Wall Street en 2008, la dette de la France est pass\u00e9e de 68 \u00e0 115 pour cent du PIB. Les deux tiers de cette hausse de 47 pour cent proviennent du financement de deux des nombreux plans de relance bancaires europ\u00e9ens: en 2009, apr\u00e8s le krach, et en 2020, pour stopper un nouveau krach au d\u00e9but de la pand\u00e9mie de Covid.<\/p>\n<p>Les \u00c9tats de la zone euro ont emprunt\u00e9 de l\u2019argent \u00e0 la Banque centrale europ\u00e9enne et l\u2019ont donn\u00e9 \u00e0 leurs banques, renflouant les march\u00e9s boursiers et obligataires et gonflant la richesse de l\u2019oligarchie. Depuis 2009, l\u2019industrie et le niveau de vie stagnnt. Pourtant les 500 premiers patrimoines fran\u00e7ais, recens\u00e9s par Challenges, ont explos\u00e9 apr\u00e8s chaque renflouement bancaire, passant entre 2009 et 2025 de 194 \u00e0 1\u202f228\u202fmilliards d\u2019euros. Cette richesse est devenue incompatible avec la d\u00e9mocratie.<\/p>\n<p>Sur les 445\u202fmilliards d\u2019euros du budget de l\u2019\u00c9tat fran\u00e7ais, 25 pour cent vont aux retraites, 20 pour cent \u00e0 la sant\u00e9, 15 pour cent \u00e0 l\u2019\u00e9ducation et aux autres administrations, et 11 pour cent \u00e0 l\u2019assurance-ch\u00f4mage et aux prestations familiales, selon l\u2019\u00c9lys\u00e9e. Les recettes de l\u2019\u00c9tat n\u2019\u00e9tant qu\u2019\u00e0 environ 330 milliards d\u2019euros, la France affiche un d\u00e9ficit budg\u00e9taire massif que les banques menacent de ne pas financer.<\/p>\n<p>71 pour cent du budget de l\u2019\u00c9tat \u00e9tant consacr\u00e9s aux services sociaux de base, le seul moyen de trouver 100\u202fmilliards pour la machine de guerre, et encore 100\u202fmilliards pour r\u00e9duire le d\u00e9ficit, est de d\u00e9truire l\u2019\u00c9tat social. Cela implique aussi de mettre en place une dictature polici\u00e8re pour \u00e9craser l\u2019opposition ouvri\u00e8re. \u00c0 l\u2019inverse, pour d\u00e9fendre les droits sociaux et d\u00e9mocratiques, la classe ouvri\u00e8re doit mettre fin \u00e0 la guerre et briser le diktat de l&rsquo;oligarchie capitaliste.<\/p>\n<p>Quelle voie \u00e0 suivre pour la classe ouvri\u00e8re\u202f? <\/p>\n<p>Il faut tirer les le\u00e7ons politiques des luttes des derni\u00e8res ann\u00e9es. En 2023, des millions de personnes ont fait gr\u00e8ve et des \u00e9meutes ont \u00e9clat\u00e9 contre la r\u00e9forme des retraites de Macron \u2013 pour voir, au final, les syndicats arr\u00eater les gr\u00e8ves quand Macron a promulgu\u00e9 sa r\u00e9forme par d\u00e9cret. En 2024, des millions de gens ont vot\u00e9 pour M\u00e9lenchon et le NFP, arriv\u00e9 en t\u00eate aux l\u00e9gislatives, pour voir M\u00e9lenchon soutenir les candidats de Macron au second tour, permettant \u00e0 celui-ci de garder le pouvoir par le biais d\u2019une s\u00e9rie de gouvernements minoritaires fragiles.<\/p>\n<p>Il faut d\u00e9barrasser la lutte des classes de l&#8217;emprise paralysante des bureaucraties du NFP et de la perspective nationaliste qui sous-tend les man\u0153uvres parlementaires de M\u00e9lenchon.<\/p>\n<p>\u00c0 cette fin, les travailleurs doivent construire des organisations de la base, ind\u00e9pendantes des appareils syndicales et de leur \u00abdialogue social\u00bb avec l\u2019\u00c9tat, afin d\u2019organiser leurs luttes. Seule une mont\u00e9e massive de la lutte de classe pourra cr\u00e9er les conditions pour l\u2019\u00e9ruption d\u2019une gr\u00e8ve g\u00e9n\u00e9rale et d\u2019une lutte internationale contre le capitalisme et la guerre imp\u00e9rialiste.<\/p>\n<p>La classe ouvri\u00e8re a besoin de ses propres revendication, sur lesquelles elle pourra mener une telle offensive politique. Le Parti de l\u2019\u00e9galit\u00e9 socialiste avance \u00e0 cette fin les revendications suivantes:<\/p>\n<p><strong>Non \u00e0 la guerre imp\u00e9rialiste! Arr\u00eatez la guerre contre la Russie, d\u00e9mantelez l&rsquo;OTAN! Stop \u00e0 l&rsquo;escalade militaire !<\/strong> <\/p>\n<p>Il faut mettre fin aux plans de guerre de l&rsquo;OTAN contre la Russie, rejet\u00e9s par la grande majorit\u00e9 de la population. La France doit quitter l&rsquo;alliance imp\u00e9rialiste de l&rsquo;OTAN, qui menace de d\u00e9clencher une guerre nucl\u00e9aire, dans le cadre d&rsquo;une lutte internationale de la classe ouvri\u00e8re pour d\u00e9manteler l&rsquo;OTAN et mettre fin \u00e0 ses guerres. Pas un centime ne doit \u00eatre consacr\u00e9 \u00e0 la pr\u00e9paration de \u00abguerres de haute intensit\u00e9\u00bb, c&rsquo;est-\u00e0-dire \u00e0 des massacres comme celui qui a tu\u00e9 des centaines de milliers d&rsquo;Ukrainiens et de Russes.<\/p>\n<p><strong>Halte au g\u00e9nocide de Gaza! Non \u00e0 la pers\u00e9cution des opposants au g\u00e9nocide!<\/strong><\/p>\n<p>Les travailleurs en France et \u00e0 l\u2019international doivent bloquer la production et la livraison d\u2019armes au r\u00e9gime isra\u00e9lien. Les poursuites doivent cesser contre les opposants au g\u00e9nocide sur la base de fausses accusations de terrorisme ou d\u2019antis\u00e9mitisme. Les responsables isra\u00e9liens de ce g\u00e9nocide, ainsi que les responsables de l\u2019OTAN qui en sont complices, doivent \u00eatre poursuivis.<\/p>\n<p><strong>Il faut faite chuter Macron et abolir la pr\u00e9sidence de la Ve R\u00e9publique!<\/strong><\/p>\n<p>Macron gouverne contre le peuple par la r\u00e9pression polici\u00e8re et les arrestations de gr\u00e9vistes. La classe ouvri\u00e8re doit le faite chuter, mais son remplacement par un autre politicien capitaliste n&rsquo;arr\u00eaterait pas les attaques contre la d\u00e9mocratie. Il faut abolir la pr\u00e9sidence de la constitution de 1958, centre n\u00e9vralgique de la r\u00e9pression polici\u00e8re et des complots contre la d\u00e9mocratie.<\/p>\n<p><strong>Halte \u00e0 la pers\u00e9cution des r\u00e9fugi\u00e9s et des immigr\u00e9s, pour l\u2019unit\u00e9 internationale de la classe ouvri\u00e8re\u202f! <\/strong><\/p>\n<p>La lutte pour la r\u00e9volution socialiste est indissociable de la lutte pour l\u2019unit\u00e9 internationale de la classe ouvri\u00e8re. Ceci signifie rejeter la pers\u00e9cution des immigr\u00e9s, la construction de camps de d\u00e9tention pour les r\u00e9fugi\u00e9s, et les lois humiliantes interdisant le port de v\u00eatements musulmans dans les \u00e9coles. Cela est essentiel pour d\u00e9jouer les tentatives de la bourgeoisie et des bureaucraties pour diviser les travailleurs sur des crit\u00e8res nationaux et bloquer ainsi une lutte europ\u00e9enne contre la guerre et le capitalisme.<\/p>\n<p><strong>Il faut saisir les fonds publics de renflouement et exproprier l&rsquo;oligarchie capitaliste!<\/strong><\/p>\n<p>Les travailleurs doivent rejeter le mensonge selon lequel il n&rsquo;y aurait pas d&rsquo;argent pour les besoins sociaux des masses. Il faut saisir les milliers de milliards d&rsquo;euros de fonds publics accapar\u00e9s par l&rsquo;oligarchie capitaliste en France et dans toute l&rsquo;Europe, et les utiliser pour financer l&#8217;emploi et les programmes sociaux. Cela n\u00e9cessite une lutte ouvri\u00e8re pour exproprier l&rsquo;oligarchie et transformer les grandes entreprises europ\u00e9ennes en un r\u00e9seau de services publics servant les int\u00e9r\u00eats du peuple.<\/p>\n<p><strong>Pour les \u00c9tats socialistes unis d\u2019Europe!<\/strong><\/p>\n<p>Les travailleurs et les jeunes en France ont des alli\u00e9s puissants dans les millions de travailleurs \u00e0 travers l&rsquo;Europe et dans le monde hostiles \u00e0 la guerre, au fascisme, au g\u00e9nocide et \u00e0 l&rsquo;aust\u00e9rit\u00e9. Les bureaucrates et les parlementaires feront obstacle \u00e0 lutte. Les travailleurs de la base doivent b\u00e2tir leurs propres organisations de lutte et un mouvement politique pour transf\u00e9rer le pouvoir \u00e0 la classe ouvri\u00e8re en France, en Europe et \u00e0 l&rsquo;international, rempla\u00e7ant l&rsquo;Union europ\u00e9enne capitaliste par les \u00c9tats socialistes unis d&rsquo;Europe.<\/p>\n","protected":false},"excerpt":{"rendered":"En appelant \u00e0 un vote de confiance, le Premier ministre Fran\u00e7ois Bayrou a fait exploser la crise politique&hellip;\n","protected":false},"author":2,"featured_media":355194,"comment_status":"","ping_status":"","sticky":false,"template":"","format":"standard","meta":{"footnotes":""},"categories":[1586],"tags":[11,11847,1777,674,1011,27,9267,49117,1146,11514,18613,12,25],"class_list":{"0":"post-355193","1":"post","2":"type-post","3":"status-publish","4":"format-standard","5":"has-post-thumbnail","7":"category-europe","8":"tag-actualites","9":"tag-bayrou","10":"tag-eu","11":"tag-europe","12":"tag-fr","13":"tag-france","14":"tag-genocide","15":"tag-greve-generale","16":"tag-guerre","17":"tag-macron","18":"tag-merz","19":"tag-news","20":"tag-republique-francaise"},"share_on_mastodon":{"url":"https:\/\/pubeurope.com\/@fr\/115119862782426517","error":""},"_links":{"self":[{"href":"https:\/\/www.europesays.com\/fr\/wp-json\/wp\/v2\/posts\/355193","targetHints":{"allow":["GET"]}}],"collection":[{"href":"https:\/\/www.europesays.com\/fr\/wp-json\/wp\/v2\/posts"}],"about":[{"href":"https:\/\/www.europesays.com\/fr\/wp-json\/wp\/v2\/types\/post"}],"author":[{"embeddable":true,"href":"https:\/\/www.europesays.com\/fr\/wp-json\/wp\/v2\/users\/2"}],"replies":[{"embeddable":true,"href":"https:\/\/www.europesays.com\/fr\/wp-json\/wp\/v2\/comments?post=355193"}],"version-history":[{"count":0,"href":"https:\/\/www.europesays.com\/fr\/wp-json\/wp\/v2\/posts\/355193\/revisions"}],"wp:featuredmedia":[{"embeddable":true,"href":"https:\/\/www.europesays.com\/fr\/wp-json\/wp\/v2\/media\/355194"}],"wp:attachment":[{"href":"https:\/\/www.europesays.com\/fr\/wp-json\/wp\/v2\/media?parent=355193"}],"wp:term":[{"taxonomy":"category","embeddable":true,"href":"https:\/\/www.europesays.com\/fr\/wp-json\/wp\/v2\/categories?post=355193"},{"taxonomy":"post_tag","embeddable":true,"href":"https:\/\/www.europesays.com\/fr\/wp-json\/wp\/v2\/tags?post=355193"}],"curies":[{"name":"wp","href":"https:\/\/api.w.org\/{rel}","templated":true}]}}