{"id":355202,"date":"2025-08-30T21:39:14","date_gmt":"2025-08-30T21:39:14","guid":{"rendered":"https:\/\/www.europesays.com\/fr\/355202\/"},"modified":"2025-08-30T21:39:14","modified_gmt":"2025-08-30T21:39:14","slug":"voyager-a-velo-nest-pas-reserve-aux-garcons-ou-aux-groupes","status":"publish","type":"post","link":"https:\/\/www.europesays.com\/fr\/355202\/","title":{"rendered":"\u00ab\u00a0Voyager \u00e0 v\u00e9lo n\u2019est pas r\u00e9serv\u00e9 aux gar\u00e7ons ou aux groupes\u00a0!\u00a0\u00bb"},"content":{"rendered":"<p>On ne sait pas si vous avez pass\u00e9 un bon \u00e9t\u00e9, mais le sien, elle, elle l\u2019a \u00ab\u00a0surkiff\u00e9\u00a0\u00bb. Le 18\u00a0ao\u00fbt dernier, Laura Duhamel, 22 ans, originaire de P\u00e9rouges, enfourchait tranquillement son v\u00e9lo. Puis, passant sa t\u00eate par-dessus son \u00e9paule pour adresser un dernier sourire confiant \u00e0 ses parents, elle lan\u00e7ait un grand \u2018\u2018ciao\u2019\u2019 \u00e0 la face du monde. Alors non, elle n\u2019\u00e9tait pas partie pour un road trip d\u2019un an autour du globe\u2026 Mais quand m\u00eame\u00a0: rallier seule, en dix jours, la ville de P\u00e9rouges \u00e0 celle de Luxembourg (capitale du grand-duch\u00e9 \u00e9ponyme) moyennant 80\u00a0km et six heures par jour de manivelles dans les pattes, il fallait quand m\u00eame le faire. Sans compter qu\u2019il s\u2019agissait pour elle d\u2019une grande premi\u00e8re\u2026<\/p>\n<p>\u00ab\u00a0Avez-vous d\u00e9j\u00e0 observ\u00e9 la furtivit\u00e9 d\u2019un martin-p\u00eacheur\u00a0?\u00a0\u00bb<\/p>\n<p>Les jambes promptes \u00e0 l\u2019effort et le nez fier au vent, les rives \u00e9tir\u00e9es de la Sa\u00f4ne aux arbres vibrionnant l\u2019auront&#8230;<\/p>\n","protected":false},"excerpt":{"rendered":"On ne sait pas si vous avez pass\u00e9 un bon \u00e9t\u00e9, mais le sien, elle, elle l\u2019a \u00ab\u00a0surkiff\u00e9\u00a0\u00bb.&hellip;\n","protected":false},"author":2,"featured_media":355203,"comment_status":"","ping_status":"","sticky":false,"template":"","format":"standard","meta":{"footnotes":""},"categories":[1411],"tags":[2738,7782,1687,1154,207,6751,107,1011,27,49118,60],"class_list":{"0":"post-355202","1":"post","2":"type-post","3":"status-publish","4":"format-standard","5":"has-post-thumbnail","7":"category-cyclisme","8":"tag-ain","9":"tag-balades-et-randonnees","10":"tag-culture-loisirs","11":"tag-cycling","12":"tag-cyclisme","13":"tag-edition-ain-ouest","14":"tag-fil-info","15":"tag-fr","16":"tag-france","17":"tag-perouges","18":"tag-sports"},"share_on_mastodon":{"url":"https:\/\/pubeurope.com\/@fr\/115119886454868974","error":""},"_links":{"self":[{"href":"https:\/\/www.europesays.com\/fr\/wp-json\/wp\/v2\/posts\/355202","targetHints":{"allow":["GET"]}}],"collection":[{"href":"https:\/\/www.europesays.com\/fr\/wp-json\/wp\/v2\/posts"}],"about":[{"href":"https:\/\/www.europesays.com\/fr\/wp-json\/wp\/v2\/types\/post"}],"author":[{"embeddable":true,"href":"https:\/\/www.europesays.com\/fr\/wp-json\/wp\/v2\/users\/2"}],"replies":[{"embeddable":true,"href":"https:\/\/www.europesays.com\/fr\/wp-json\/wp\/v2\/comments?post=355202"}],"version-history":[{"count":0,"href":"https:\/\/www.europesays.com\/fr\/wp-json\/wp\/v2\/posts\/355202\/revisions"}],"wp:featuredmedia":[{"embeddable":true,"href":"https:\/\/www.europesays.com\/fr\/wp-json\/wp\/v2\/media\/355203"}],"wp:attachment":[{"href":"https:\/\/www.europesays.com\/fr\/wp-json\/wp\/v2\/media?parent=355202"}],"wp:term":[{"taxonomy":"category","embeddable":true,"href":"https:\/\/www.europesays.com\/fr\/wp-json\/wp\/v2\/categories?post=355202"},{"taxonomy":"post_tag","embeddable":true,"href":"https:\/\/www.europesays.com\/fr\/wp-json\/wp\/v2\/tags?post=355202"}],"curies":[{"name":"wp","href":"https:\/\/api.w.org\/{rel}","templated":true}]}}