{"id":355226,"date":"2025-08-30T21:56:18","date_gmt":"2025-08-30T21:56:18","guid":{"rendered":"https:\/\/www.europesays.com\/fr\/355226\/"},"modified":"2025-08-30T21:56:18","modified_gmt":"2025-08-30T21:56:18","slug":"retraites-le-depart-progressif-pour-tous-des-60-ans-cest-possible-a-partir-du-1er-septembre","status":"publish","type":"post","link":"https:\/\/www.europesays.com\/fr\/355226\/","title":{"rendered":"Retraites\u00a0: le d\u00e9part progressif pour tous d\u00e8s 60\u00a0ans, c\u2019est possible \u00e0 partir du 1er septembre"},"content":{"rendered":"<p class=\"paragraph text_align_left lp-f-body-02\">Longtemps boud\u00e9 par les salari\u00e9s, le dispositif de <a href=\"https:\/\/www.leparisien.fr\/economie\/votre-argent\/retraite-progressive-on-vous-dit-comment-travailler-moins-sans-y-perdre-beaucoup-06-02-2024-N547YNNULVDLLF657ACNX3NGD4.php\" target=\"_blank\" rel=\"noreferrer noopener\">retraite progressive<\/a> subit un toilettage. En 2024, 31 368 retrait\u00e9s en sont b\u00e9n\u00e9ficiaires. Une proportion tr\u00e8s faible sur les 15,4 millions d\u2019affili\u00e9s au r\u00e9gime g\u00e9n\u00e9ral. <a href=\"https:\/\/www.leparisien.fr\/economie\/le-decret-autorisant-la-retraite-progressive-des-60-ans-publie-au-journal-officiel-23-07-2025-XDGYHYFK5BD37BPX5XYMDVDGTM.php\" target=\"_self\" rel=\"noopener\">\u00c0 compter du 1er septembre prochain<\/a>, il sera rendu plus attractif. Tout d\u2019abord, l\u2019\u00e2ge permettant de travailler \u00e0 temps partiel tout en percevant une fraction de sa retraite (de base et compl\u00e9mentaire) est d\u00e9sormais fix\u00e9 \u00e0 60 ans, et ind\u00e9pendamment de la g\u00e9n\u00e9ration \u00e0 laquelle les assur\u00e9s appartiennent.<\/p>\n<p class=\"paragraph text_align_left lp-f-body-02\">Jusqu\u2019alors, l\u2019acc\u00e8s \u00e0 ce type de pr\u00e9retraite d\u00e9pendait de l\u2019ann\u00e9e de naissance. De plus, il fallait attendre d\u2019avoir 62 ans. Une avanc\u00e9e d\u00e9cid\u00e9e par les partenaires sociaux dans le cadre de <a href=\"https:\/\/www.leparisien.fr\/economie\/retraite-progressive-contrat-de-valorisation-de-lexperience-ce-qui-va-changer-pour-les-seniors-14-11-2024-36H4BAASHVCTTNJUKTFZID7XXU.php\" target=\"_self\" rel=\"noopener\">l\u2019accord interprofessionnel du 14 novembre 2024<\/a>. De plus, tout le monde est concern\u00e9 : salari\u00e9 du priv\u00e9, fonctionnaires et agents publics mais aussi ind\u00e9pendants et professions lib\u00e9rales. Seule condition requise : avoir au moins 150 trimestres cotis\u00e9s \u00e0 l\u2019assurance retraite, quel que soit le r\u00e9gime.<\/p>\n<p class=\"paragraph text_align_left lp-f-body-02\">Cet outil de transition douce vers la retraite rencontrera-t-il pour autant son public ? La r\u00e9forme s\u2019attelle \u00e0 lever plusieurs des freins. En premier lieu, l\u2019employeur n\u2019aura plus le droit de refuser une demande de retraite sans raison s\u00e9rieuse. Il devra invoquer un motif valable \u2013 d\u00e9sorganisation du service ou impossibilit\u00e9 de remplacement &#8211; pour s\u2019y opposer. En cas d\u2019absence de r\u00e9ponse dans les deux mois, cela vaudra accord implicite.<\/p>\n<p>Une prime de d\u00e9part qui oscille entre 7 500 euros et 10 000 euros<\/p>\n<p class=\"paragraph text_align_left lp-f-body-02\">Autre am\u00e9lioration concernant l\u2019un des principaux repoussoirs, la perte de revenus. Le passage \u00e0 temps partiel peut faire chuter ceux du b\u00e9n\u00e9ficiaire \u00e0 moins d\u2019\u00eatre d\u00e9j\u00e0 \u00e0 temps partiel et de basculer dans le dispositif (sans avoir \u00e0 baisser le temps de travail). En revanche, pour les salari\u00e9s \u00e0 temps plein et passent \u00e0 temps partiel, le compl\u00e9ment de retraite (50 % de la retraite pour un mi-temps et 25 % si le temps partiel correspond \u00e0 75 % du temps plein) ne compense g\u00e9n\u00e9ralement pas tout \u00e0 fait la perte de salaire.<\/p>\n<p class=\"paragraph text_align_left lp-f-body-02\">La r\u00e9forme permet d\u2019anticiper le versement de la prime de d\u00e9part \u00e0 la retraite, afin de compl\u00e9ter les ressources. Le montant d\u00e9pendra des revenus. En g\u00e9n\u00e9ral, il \u00e9quivaut \u00e0 un quart du salaire mensuel par ann\u00e9e d\u2019anciennet\u00e9 pour les 10 premi\u00e8res ann\u00e9es, puis \u00e0 un tiers du salaire mensuel par ann\u00e9e d\u2019anciennet\u00e9 d\u00e8s la 11e ann\u00e9e. De fa\u00e7on g\u00e9n\u00e9rale, le montant maximum oscille entre 7 500 euros et 10 000 euros. La prime pourra \u00eatre \u00e9chelonn\u00e9e mois par mois \u00e0 condition cependant qu\u2019un accord d\u2019entreprise le pr\u00e9voit.<\/p>\n<p class=\"paragraph text_align_left lp-f-body-02\">Reste un gros frein que ne corrige pas la r\u00e9forme. Le fait de passer \u00e0 temps partiel change la donne sur le niveau de cotisation retraite, particuli\u00e8rement pour la retraite compl\u00e9mentaire. Les cotisations pr\u00e9lev\u00e9es (et qui ouvrent des droits) sont en effet coup\u00e9es de moiti\u00e9 en cas de passage \u00e0 mi-temps voir plus pour un quart de temps. R\u00e9sultat, cela va peser sur le montant final du calcul de la retraite compl\u00e9mentaire vers\u00e9e \u00e0 la fin de la carri\u00e8re.<\/p>\n<p class=\"paragraph text_align_left lp-f-body-02\">Pour en savoir plus (date de d\u00e9clenchement possible, montants de pensions, etc.) vous pouvez r\u00e9aliser une simulation personnalis\u00e9e par le biais du <a href=\"https:\/\/www.info-retraite.fr\/portail-info\/home.html\" target=\"_self\" rel=\"noopener\">compte retraite<\/a>.<\/p>\n","protected":false},"excerpt":{"rendered":"Longtemps boud\u00e9 par les salari\u00e9s, le dispositif de retraite progressive subit un toilettage. En 2024, 31 368 retrait\u00e9s&hellip;\n","protected":false},"author":2,"featured_media":355227,"comment_status":"","ping_status":"","sticky":false,"template":"","format":"standard","meta":{"footnotes":""},"categories":[6],"tags":[35,33,34,1011,27,9910],"class_list":{"0":"post-355226","1":"post","2":"type-post","3":"status-publish","4":"format-standard","5":"has-post-thumbnail","7":"category-economie","8":"tag-business","9":"tag-economie","10":"tag-economy","11":"tag-fr","12":"tag-france","13":"tag-retraites"},"share_on_mastodon":{"url":"https:\/\/pubeurope.com\/@fr\/115119953199863339","error":""},"_links":{"self":[{"href":"https:\/\/www.europesays.com\/fr\/wp-json\/wp\/v2\/posts\/355226","targetHints":{"allow":["GET"]}}],"collection":[{"href":"https:\/\/www.europesays.com\/fr\/wp-json\/wp\/v2\/posts"}],"about":[{"href":"https:\/\/www.europesays.com\/fr\/wp-json\/wp\/v2\/types\/post"}],"author":[{"embeddable":true,"href":"https:\/\/www.europesays.com\/fr\/wp-json\/wp\/v2\/users\/2"}],"replies":[{"embeddable":true,"href":"https:\/\/www.europesays.com\/fr\/wp-json\/wp\/v2\/comments?post=355226"}],"version-history":[{"count":0,"href":"https:\/\/www.europesays.com\/fr\/wp-json\/wp\/v2\/posts\/355226\/revisions"}],"wp:featuredmedia":[{"embeddable":true,"href":"https:\/\/www.europesays.com\/fr\/wp-json\/wp\/v2\/media\/355227"}],"wp:attachment":[{"href":"https:\/\/www.europesays.com\/fr\/wp-json\/wp\/v2\/media?parent=355226"}],"wp:term":[{"taxonomy":"category","embeddable":true,"href":"https:\/\/www.europesays.com\/fr\/wp-json\/wp\/v2\/categories?post=355226"},{"taxonomy":"post_tag","embeddable":true,"href":"https:\/\/www.europesays.com\/fr\/wp-json\/wp\/v2\/tags?post=355226"}],"curies":[{"name":"wp","href":"https:\/\/api.w.org\/{rel}","templated":true}]}}