{"id":355242,"date":"2025-08-30T22:18:12","date_gmt":"2025-08-30T22:18:12","guid":{"rendered":"https:\/\/www.europesays.com\/fr\/355242\/"},"modified":"2025-08-30T22:18:12","modified_gmt":"2025-08-30T22:18:12","slug":"barbara-butch-en-mode-club-sandwich","status":"publish","type":"post","link":"https:\/\/www.europesays.com\/fr\/355242\/","title":{"rendered":"Barbara Butch en mode Club Sandwich"},"content":{"rendered":"<p>\t\t\t\t\t\t\t\tDJ et militante engag\u00e9e<\/p>\n<p>De son vrai nom Leslie Barbara Butch, elle est une DJ et militante fran\u00e7aise n\u00e9e \u00e0 Paris en 1981. Elle a commenc\u00e9 <strong>sa carri\u00e8re de DJ \u00e0 Montpellier<\/strong>, o\u00f9 elle a g\u00e9r\u00e9 son propre restaurant. De retour dans la capitale, elle s\u2019est rapidement impos\u00e9e sur la sc\u00e8ne des nuits parisiennes et est devenue une figure incontournable de la musique \u00e9lectro et house.<\/p>\n<p>Avant sa venue \u00e0 l\u2019Op\u00e9ra Com\u00e9die pour le R\u00e9veillon<\/p>\n<p>Plus qu\u2019une artiste, Barbara Butch est une militante active qui utilise sa notori\u00e9t\u00e9 pour d\u00e9fendre l\u2019inclusivit\u00e9 et la diversit\u00e9. Elle lutte contre la grossophobie, l\u2019homophobie et le sexisme, revendiquant son identit\u00e9 de \u00ab\u00a0femme, DJ et grosse\u00a0\u00bb et se d\u00e9crivant comme une \u00ab\u00a0love activist\u00a0\u00bb. Son engagement lui a valu d\u2019\u00eatre d\u00e9sign\u00e9e \u00ab\u00a0personnalit\u00e9 LGBTI de l\u2019ann\u00e9e\u00a0\u00bb en 2021. Barbara Butch a \u00e9galement fond\u00e9 son label, <strong>\u00ab\u00a0Muy Lesbienne \u00a0Records\u00a0\u00bb<\/strong>, et a \u00e9t\u00e9 l\u2019\u00e9g\u00e9rie de marques comme Jean Paul Gaultier. Sa performance \u00e0 la c\u00e9r\u00e9monie d\u2019ouverture des Jeux olympiques de Paris 2024 a propuls\u00e9 sa visibilit\u00e9 \u00e0 l\u2019international.<\/p>\n<p>Ne manquez pas sa prochaine performance au Rockstore de Montpellier le <strong>samedi 22 novembre<\/strong> 2025, de <strong>19h \u00e0 23h<\/strong>, dans le cadre de la soir\u00e9e Club Sandwich. Ce sera la premi\u00e8re fois qu\u2019elle se produira dans cette salle.<\/p>\n<p><strong>C\u2019est Numa,<\/strong> l\u2019autre enfant du pays et camarade de jeu chez Rosa Bonheur, qui sera aux platines d\u00e8s l\u2019ouverture des portes.<\/p>\n<p>On prend ses places entre 15 et 20\u20ac <a href=\"https:\/\/xceed.me\/en\/montpellier\/event\/barbara-butch-club-sandwich-montpellier-rockstore--201195\/channel--my-life\" target=\"_blank\" rel=\"noopener nofollow\"><strong>ici<\/strong><\/a><\/p>\n<blockquote class=\"instagram-media\" style=\"background: #FFF; border: 0; border-radius: 3px; box-shadow: 0 0 1px 0 rgba(0,0,0,0.5),0 1px 10px 0 rgba(0,0,0,0.15); margin: 1px; max-width: 540px; min-width: 326px; padding: 0; width: calc(100% - 2px);\" data-instgrm-captioned=\"\" data-instgrm-permalink=\"https:\/\/www.instagram.com\/p\/DN2pUO6UHuB\/?utm_source=ig_embed&amp;utm_campaign=loading\" data-instgrm-version=\"14\">\n<\/blockquote>\n<p>\t\t\t\t\t\t\t\t\t\t\t\t\t\t\t<script async src=\"\/\/www.instagram.com\/embed.js\"><\/script><\/p>\n","protected":false},"excerpt":{"rendered":"DJ et militante engag\u00e9e De son vrai nom Leslie Barbara Butch, elle est une DJ et militante fran\u00e7aise&hellip;\n","protected":false},"author":2,"featured_media":355243,"comment_status":"","ping_status":"","sticky":false,"template":"","format":"standard","meta":{"footnotes":""},"categories":[9599],"tags":[1111,11,1777,674,1011,27,2208,12,2680,25],"class_list":{"0":"post-355242","1":"post","2":"type-post","3":"status-publish","4":"format-standard","5":"has-post-thumbnail","7":"category-montpellier","8":"tag-actu","9":"tag-actualites","10":"tag-eu","11":"tag-europe","12":"tag-fr","13":"tag-france","14":"tag-montpellier","15":"tag-news","16":"tag-occitanie","17":"tag-republique-francaise"},"share_on_mastodon":{"url":"https:\/\/pubeurope.com\/@fr\/115120039744630494","error":""},"_links":{"self":[{"href":"https:\/\/www.europesays.com\/fr\/wp-json\/wp\/v2\/posts\/355242","targetHints":{"allow":["GET"]}}],"collection":[{"href":"https:\/\/www.europesays.com\/fr\/wp-json\/wp\/v2\/posts"}],"about":[{"href":"https:\/\/www.europesays.com\/fr\/wp-json\/wp\/v2\/types\/post"}],"author":[{"embeddable":true,"href":"https:\/\/www.europesays.com\/fr\/wp-json\/wp\/v2\/users\/2"}],"replies":[{"embeddable":true,"href":"https:\/\/www.europesays.com\/fr\/wp-json\/wp\/v2\/comments?post=355242"}],"version-history":[{"count":0,"href":"https:\/\/www.europesays.com\/fr\/wp-json\/wp\/v2\/posts\/355242\/revisions"}],"wp:featuredmedia":[{"embeddable":true,"href":"https:\/\/www.europesays.com\/fr\/wp-json\/wp\/v2\/media\/355243"}],"wp:attachment":[{"href":"https:\/\/www.europesays.com\/fr\/wp-json\/wp\/v2\/media?parent=355242"}],"wp:term":[{"taxonomy":"category","embeddable":true,"href":"https:\/\/www.europesays.com\/fr\/wp-json\/wp\/v2\/categories?post=355242"},{"taxonomy":"post_tag","embeddable":true,"href":"https:\/\/www.europesays.com\/fr\/wp-json\/wp\/v2\/tags?post=355242"}],"curies":[{"name":"wp","href":"https:\/\/api.w.org\/{rel}","templated":true}]}}