{"id":355244,"date":"2025-08-30T22:19:10","date_gmt":"2025-08-30T22:19:10","guid":{"rendered":"https:\/\/www.europesays.com\/fr\/355244\/"},"modified":"2025-08-30T22:19:10","modified_gmt":"2025-08-30T22:19:10","slug":"montpellier-est-eternel-et-soffre-le-trophee-des-champions-face-au-paris-saint-germain","status":"publish","type":"post","link":"https:\/\/www.europesays.com\/fr\/355244\/","title":{"rendered":"Montpellier est \u00e9ternel et s\u2019offre le Troph\u00e9e des champions face au Paris Saint-Germain"},"content":{"rendered":"<p><strong>Paris Saint-Germain\u00a0&#8211; Montpellier\u00a0: 23-29<\/strong><\/p>\n<p>Les Blues Fox ont bien fait d\u2019effectuer le long voyage dans la Vienne. Avec leurs tambours et leurs drapeaux, la petite cinquantaine de supporteurs montpelli\u00e9rains a mis une tr\u00e8s belle ambiance dans une Arena Futuroscope comble. Ensuite, et surtout pour eux, ils ont vu Valentin Porte et ses partenaires dominer le Paris Saint-Germain (23-29) et le capitaine soulever le Troph\u00e9e des champions. Une premi\u00e8re depuis 2018 pour le club h\u00e9raultais, qui avait d\u00e9j\u00e0 mis fin \u00e0 ses sept ann\u00e9es de disette de titres en mai dernier en s\u2019offrant la Coupe de France \u00e0 l\u2019issue d\u2019une finale d\u2019anthologie face au club de la capitale termin\u00e9e aux tirs au but.<\/p>\n<p>Ce ne fut pas le cas lors de cette 14e\u00a0\u00e9dition du Troph\u00e9e des champions que les prot\u00e9g\u00e9s d\u2019Erick Math\u00e9 ont domin\u00e9e et ma\u00eetris\u00e9e (15-21, 38e), bien emmen\u00e9s par un impeccable David Balaguer qui n\u2019a eu aucune piti\u00e9 pour ses anciens partenaires (5\/5 au tir). Charles Bolzinger n\u2019en a pas eu non plus pour les Parisiens.<\/p>\n","protected":false},"excerpt":{"rendered":"Paris Saint-Germain\u00a0&#8211; Montpellier\u00a0: 23-29 Les Blues Fox ont bien fait d\u2019effectuer le long voyage dans la Vienne. Avec&hellip;\n","protected":false},"author":2,"featured_media":355245,"comment_status":"","ping_status":"","sticky":false,"template":"","format":"standard","meta":{"footnotes":""},"categories":[9599],"tags":[1111,11,42195,1777,674,1011,27,1792,2208,14977,12,2680,1653,25,60,1584],"class_list":{"0":"post-355244","1":"post","2":"type-post","3":"status-publish","4":"format-standard","5":"has-post-thumbnail","7":"category-montpellier","8":"tag-actu","9":"tag-actualites","10":"tag-chasseneuil-du-poitou","11":"tag-eu","12":"tag-europe","13":"tag-fr","14":"tag-france","15":"tag-handball","16":"tag-montpellier","17":"tag-nationaux-handball","18":"tag-news","19":"tag-occitanie","20":"tag-poitiers","21":"tag-republique-francaise","22":"tag-sports","23":"tag-vienne"},"share_on_mastodon":{"url":"https:\/\/pubeurope.com\/@fr\/115120043612783846","error":""},"_links":{"self":[{"href":"https:\/\/www.europesays.com\/fr\/wp-json\/wp\/v2\/posts\/355244","targetHints":{"allow":["GET"]}}],"collection":[{"href":"https:\/\/www.europesays.com\/fr\/wp-json\/wp\/v2\/posts"}],"about":[{"href":"https:\/\/www.europesays.com\/fr\/wp-json\/wp\/v2\/types\/post"}],"author":[{"embeddable":true,"href":"https:\/\/www.europesays.com\/fr\/wp-json\/wp\/v2\/users\/2"}],"replies":[{"embeddable":true,"href":"https:\/\/www.europesays.com\/fr\/wp-json\/wp\/v2\/comments?post=355244"}],"version-history":[{"count":0,"href":"https:\/\/www.europesays.com\/fr\/wp-json\/wp\/v2\/posts\/355244\/revisions"}],"wp:featuredmedia":[{"embeddable":true,"href":"https:\/\/www.europesays.com\/fr\/wp-json\/wp\/v2\/media\/355245"}],"wp:attachment":[{"href":"https:\/\/www.europesays.com\/fr\/wp-json\/wp\/v2\/media?parent=355244"}],"wp:term":[{"taxonomy":"category","embeddable":true,"href":"https:\/\/www.europesays.com\/fr\/wp-json\/wp\/v2\/categories?post=355244"},{"taxonomy":"post_tag","embeddable":true,"href":"https:\/\/www.europesays.com\/fr\/wp-json\/wp\/v2\/tags?post=355244"}],"curies":[{"name":"wp","href":"https:\/\/api.w.org\/{rel}","templated":true}]}}