{"id":355246,"date":"2025-08-30T22:21:28","date_gmt":"2025-08-30T22:21:28","guid":{"rendered":"https:\/\/www.europesays.com\/fr\/355246\/"},"modified":"2025-08-30T22:21:28","modified_gmt":"2025-08-30T22:21:28","slug":"la-valette-la-journee-mondiale-de-la-sante-sexuelle","status":"publish","type":"post","link":"https:\/\/www.europesays.com\/fr\/355246\/","title":{"rendered":"La Valette : la Journ\u00e9e Mondiale de la Sant\u00e9 Sexuelle"},"content":{"rendered":"<p>        <a href=\"https:\/\/www.europesays.com\/fr\/wp-content\/uploads\/2025\/08\/structures_photo_logo_2284.jpg\" data-caption=\"\"><img loading=\"lazy\" decoding=\"async\" width=\"409\" height=\"169\" class=\"entry-thumb td-modal-image\" src=\"https:\/\/www.europesays.com\/fr\/wp-content\/uploads\/2025\/08\/structures_photo_logo_2284.jpg\"   alt=\"\" title=\"structures_photo_logo_2284\"\/><\/a><\/p>\n<p>Journ\u00e9e Mondiale de la Sant\u00e9 Sexuelle <strong>jeudi 4 septembre 2025<\/strong> \u2013 AVENUE 83, de 10h \u00e0 17h<\/p>\n<p>\u00c0 l\u2019occasion de la Journ\u00e9e Mondiale de la Sant\u00e9 Sexuelle, le CEGIDD 83 du Centre Hospitalier Intercommunal Toulon-La Seyne (CHITS) participera \u00e0 une grande journ\u00e9e de sensibilisation organis\u00e9e \u00e0 l\u2019Avenue 83, en partenariat avec le Planning Familial Varois et le R\u00e9seau LGBTQIA+ Varois.<\/p>\n<p>Cet \u00e9v\u00e9nement, ouvert \u00e0 toutes et tous, a pour objectif de promouvoir l\u2019acc\u00e8s \u00e0 la sant\u00e9 sexuelle et de favoriser l\u2019information, la pr\u00e9vention et le d\u00e9pistage dans une approche inclusive et bienveillante.<br \/>De nombreuses associations seront pr\u00e9sentes ou repr\u00e9sent\u00e9es, parmi lesquelles : Collectif Fiert\u00e9 Toulon, SOS Homophobie, AFTPF, Transmission, AIDES, ENIPSE, CRIPS SUD.<\/p>\n<p>Au programme :<br \/>\u2022 Pr\u00e9vention et d\u00e9pistage des IST (tests rapides et gratuits, conseils, PrEP, TPE, pr\u00e9servatifs disponibles)<br \/>\u2022 Stands d\u2019information et d\u2019\u00e9changes sur la sexualit\u00e9, le consentement, la vie affective, la diversit\u00e9 des pratiques et identit\u00e9s<br \/>\u2022 Jeux et animations ludiques : quiz, jeux de soci\u00e9t\u00e9 revisit\u00e9s, animations interactives<br \/>\u2022 D\u00e9pistage TROD VIH assur\u00e9 dans des espaces confidentiels<br \/>\u2022 Distribution de goodies et lots \u00e0 gagner<\/p>\n<p><strong>Une action de sant\u00e9 publique essentielle<\/strong><br \/>En mettant en avant des th\u00e9matiques vari\u00e9es \u2013 sexualit\u00e9 et vie affective, pr\u00e9vention des IST, diversit\u00e9 des sexualit\u00e9s, chemsex, sexualit\u00e9 \u00e0 tout \u00e2ge \u2013 cette journ\u00e9e souhaite offrir un espace d\u2019information, de dialogue et de pr\u00e9vention accessible \u00e0 toutes et tous.<br \/>\ud83d\udccd Rendez-vous le <strong>jeudi 4 septembre 2025<\/strong>, de 10h \u00e0 17h, \u00e0 l\u2019Avenue 83.<\/p>\n<p>Ensemble, \u0153uvrons pour une sant\u00e9 sexuelle inclusive et sans tabou.<\/p>\n<p><a href=\"https:\/\/www.restosducoeur.org\/associations-departementales\/les-restos-du-coeur-du-var\/\" rel=\"nofollow noopener\" target=\"_blank\"><img decoding=\"async\" style=\"height:70px;width:140px\" src=\"https:\/\/www.europesays.com\/fr\/wp-content\/uploads\/2025\/04\/restos-du-coeur.jpg\"\/><\/a>        <\/p>\n","protected":false},"excerpt":{"rendered":"Journ\u00e9e Mondiale de la Sant\u00e9 Sexuelle jeudi 4 septembre 2025 \u2013 AVENUE 83, de 10h \u00e0 17h \u00c0&hellip;\n","protected":false},"author":2,"featured_media":355247,"comment_status":"","ping_status":"","sticky":false,"template":"","format":"standard","meta":{"footnotes":""},"categories":[9619],"tags":[1111,11,1777,674,1011,27,12,882,25,2310],"class_list":{"0":"post-355246","1":"post","2":"type-post","3":"status-publish","4":"format-standard","5":"has-post-thumbnail","7":"category-toulon","8":"tag-actu","9":"tag-actualites","10":"tag-eu","11":"tag-europe","12":"tag-fr","13":"tag-france","14":"tag-news","15":"tag-provence-alpes-cote-dazur","16":"tag-republique-francaise","17":"tag-toulon"},"share_on_mastodon":{"url":"","error":""},"_links":{"self":[{"href":"https:\/\/www.europesays.com\/fr\/wp-json\/wp\/v2\/posts\/355246","targetHints":{"allow":["GET"]}}],"collection":[{"href":"https:\/\/www.europesays.com\/fr\/wp-json\/wp\/v2\/posts"}],"about":[{"href":"https:\/\/www.europesays.com\/fr\/wp-json\/wp\/v2\/types\/post"}],"author":[{"embeddable":true,"href":"https:\/\/www.europesays.com\/fr\/wp-json\/wp\/v2\/users\/2"}],"replies":[{"embeddable":true,"href":"https:\/\/www.europesays.com\/fr\/wp-json\/wp\/v2\/comments?post=355246"}],"version-history":[{"count":0,"href":"https:\/\/www.europesays.com\/fr\/wp-json\/wp\/v2\/posts\/355246\/revisions"}],"wp:featuredmedia":[{"embeddable":true,"href":"https:\/\/www.europesays.com\/fr\/wp-json\/wp\/v2\/media\/355247"}],"wp:attachment":[{"href":"https:\/\/www.europesays.com\/fr\/wp-json\/wp\/v2\/media?parent=355246"}],"wp:term":[{"taxonomy":"category","embeddable":true,"href":"https:\/\/www.europesays.com\/fr\/wp-json\/wp\/v2\/categories?post=355246"},{"taxonomy":"post_tag","embeddable":true,"href":"https:\/\/www.europesays.com\/fr\/wp-json\/wp\/v2\/tags?post=355246"}],"curies":[{"name":"wp","href":"https:\/\/api.w.org\/{rel}","templated":true}]}}