{"id":355248,"date":"2025-08-30T22:22:22","date_gmt":"2025-08-30T22:22:22","guid":{"rendered":"https:\/\/www.europesays.com\/fr\/355248\/"},"modified":"2025-08-30T22:22:22","modified_gmt":"2025-08-30T22:22:22","slug":"fc-rouen-on-meritait-au-moins-le-match-nul-estime-stephane-moulin-apres-la-defaite-au-hainaut","status":"publish","type":"post","link":"https:\/\/www.europesays.com\/fr\/355248\/","title":{"rendered":"FC Rouen : \u00ab On m\u00e9ritait au moins le match nul \u00bb, estime St\u00e9phane Moulin apr\u00e8s la d\u00e9faite au Hainaut"},"content":{"rendered":"<p>Valenciennes s\u2019est inclin\u00e9 \u00e0 domicile face \u00e0 Rouen (3-2), malgr\u00e9 un retour courageux au score. St\u00e9phane Moulin et Ga\u00ebtan Courtet pointent les erreurs commises et appellent \u00e0 tirer les le\u00e7ons de ce d\u00e9but de saison compliqu\u00e9.<\/p>\n<p>Valenciennes chute \u00e0 domicile face \u00e0 Rouen<\/p>\n<p>Apr\u00e8s la d\u00e9faite de Valenciennes contre Rouen ce vendredi (2-3), St\u00e9phane Moulin a livr\u00e9 son ressenti sur la prestation de son \u00e9quipe. \u00ab \u00c9videmment d\u00e9\u00e7u parce que la semaine derni\u00e8re, je m\u2019\u00e9tais attaqu\u00e9 \u00e0 l\u2019\u00e9tat d\u2019esprit du groupe. Ce soir, je n\u2019ai rien \u00e0 leur reprocher dans ce domaine-l\u00e0. Apr\u00e8s, \u00e7a, c\u2019est la base. Apr\u00e8s, il y a la technique, la lucidit\u00e9 et puis des grossi\u00e8res erreurs. Malheureusement pour nous, on a commis trois grossi\u00e8res erreurs. Donc, il est difficile de gagner un match quand on prend trois buts. \u00bb<\/p>\n<p>Malgr\u00e9 un retour courageux au score, Valenciennes n\u2019a pas r\u00e9ussi \u00e0 inverser le r\u00e9sultat. \u00ab \u00c7a ne suffit pas parce que malheureusement, on se met en difficult\u00e9, on prend quand m\u00eame un but sur une touche. Il y a tout un tas d\u2019erreurs sur la m\u00eame action\u2026 pour moi, on m\u00e9ritait au moins le match nul. Mais bon, si on a perdu\u2026 trois buts \u00e0 domicile, ce n\u2019est pas possible. \u00bb, a regrett\u00e9 Moulin.<\/p>\n<p>Relancer la machine<\/p>\n<p>Pour St\u00e9phane Moulin, la priorit\u00e9 reste de retrouver l\u2019\u00e9quilibre. \u00ab Il faut continuer de travailler, l\u2019\u00e9quipe est en train de changer, l\u2019\u00e9quipe est en train de bouger\u2026 il faut qu\u2019on se taise, qu\u2019on travaille et puis qu\u2019on soit un peu plus r\u00e9alistes et efficaces dans les deux surfaces de r\u00e9paration. Premier match, on ne prend pas de but, deuxi\u00e8me match, on prend un but, troisi\u00e8me match, on en prend deux, maintenant, on en prend trois. Donc ce n\u2019est pas possible de continuer ainsi. \u00bb<\/p>\n<p>Les joueurs prennent aussi la mesure du chantier. Pour Ga\u00ebtan Courtet, la d\u00e9faite laisse un go\u00fbt amer, mais doit servir d\u2019apprentissage. \u00ab Il va falloir forc\u00e9ment faire un retour\u2026 Il y a eu une r\u00e9action, on a eu une bonne r\u00e9action en deuxi\u00e8me mi-temps o\u00f9 on a gagn\u00e9 beaucoup plus de duels et ce qui a fait qu\u2019on est revenu au score, peut-\u00eatre un peu tard d\u2019ailleurs, mais on a le m\u00e9rite de revenir. \u00bb<\/p>\n<p>Il a aussi insist\u00e9 sur la n\u00e9cessit\u00e9 d\u2019apprendre de ce d\u00e9but de saison : \u00ab Aujourd\u2019hui, c\u2019est bien que \u00e7a nous arrive maintenant plut\u00f4t que dans 6-7 matchs. Mais il faut s\u2019en servir\u2026 pour justement plus les reproduire. \u00bb<\/p>\n<\/p>\n<p>Gnam\u00e9 DIARRA<\/p>\n<p>Cr\u00e9dit photo : Eddy Lemaistre\/<a href=\"https:\/\/www.iconsport.photo\/\" target=\"_blank\" rel=\"noopener nofollow\">Icon Sport<\/a><\/p>\n","protected":false},"excerpt":{"rendered":"Valenciennes s\u2019est inclin\u00e9 \u00e0 domicile face \u00e0 Rouen (3-2), malgr\u00e9 un retour courageux au score. St\u00e9phane Moulin et&hellip;\n","protected":false},"author":2,"featured_media":355249,"comment_status":"","ping_status":"","sticky":false,"template":"","format":"standard","meta":{"footnotes":""},"categories":[9587],"tags":[1111,11,1777,674,1011,27,12,5161,25,9590],"class_list":{"0":"post-355248","1":"post","2":"type-post","3":"status-publish","4":"format-standard","5":"has-post-thumbnail","7":"category-rouen","8":"tag-actu","9":"tag-actualites","10":"tag-eu","11":"tag-europe","12":"tag-fr","13":"tag-france","14":"tag-news","15":"tag-normandie","16":"tag-republique-francaise","17":"tag-rouen"},"share_on_mastodon":{"url":"","error":""},"_links":{"self":[{"href":"https:\/\/www.europesays.com\/fr\/wp-json\/wp\/v2\/posts\/355248","targetHints":{"allow":["GET"]}}],"collection":[{"href":"https:\/\/www.europesays.com\/fr\/wp-json\/wp\/v2\/posts"}],"about":[{"href":"https:\/\/www.europesays.com\/fr\/wp-json\/wp\/v2\/types\/post"}],"author":[{"embeddable":true,"href":"https:\/\/www.europesays.com\/fr\/wp-json\/wp\/v2\/users\/2"}],"replies":[{"embeddable":true,"href":"https:\/\/www.europesays.com\/fr\/wp-json\/wp\/v2\/comments?post=355248"}],"version-history":[{"count":0,"href":"https:\/\/www.europesays.com\/fr\/wp-json\/wp\/v2\/posts\/355248\/revisions"}],"wp:featuredmedia":[{"embeddable":true,"href":"https:\/\/www.europesays.com\/fr\/wp-json\/wp\/v2\/media\/355249"}],"wp:attachment":[{"href":"https:\/\/www.europesays.com\/fr\/wp-json\/wp\/v2\/media?parent=355248"}],"wp:term":[{"taxonomy":"category","embeddable":true,"href":"https:\/\/www.europesays.com\/fr\/wp-json\/wp\/v2\/categories?post=355248"},{"taxonomy":"post_tag","embeddable":true,"href":"https:\/\/www.europesays.com\/fr\/wp-json\/wp\/v2\/tags?post=355248"}],"curies":[{"name":"wp","href":"https:\/\/api.w.org\/{rel}","templated":true}]}}