{"id":355268,"date":"2025-08-30T22:42:09","date_gmt":"2025-08-30T22:42:09","guid":{"rendered":"https:\/\/www.europesays.com\/fr\/355268\/"},"modified":"2025-08-30T22:42:09","modified_gmt":"2025-08-30T22:42:09","slug":"adversaires-calendrier-le-programme-complet-des-matchs-de-logc-nice-pour-la-phase-de-ligue-de-la-ligue-europa","status":"publish","type":"post","link":"https:\/\/www.europesays.com\/fr\/355268\/","title":{"rendered":"adversaires, calendrier\u2026 Le programme complet des matchs de l&rsquo;OGC Nice pour la phase de ligue de la Ligue Europa"},"content":{"rendered":"<p>Apr\u00e8s avoir go\u00fbt\u00e9 \u00e0 l\u2019amertume d\u2019une campagne europ\u00e9enne manqu\u00e9e l\u2019an pass\u00e9, l\u2019OGC Nice s\u2019avance cette fois en Ligue Europa avec l\u2019envie de marquer les esprits. Malgr\u00e9 un mercato agit\u00e9 avec la perte de plusieurs cadres, les Aiglons veulent prouver qu\u2019ils ont les \u00e9paules pour exister sur la sc\u00e8ne continentale. D\u00e9couvrez les adversaires et le calendrier de l&rsquo;OGC Nice en Ligue Europa.<\/p>\n<p>Un an apr\u00e8s une campagne europ\u00e9enne rat\u00e9e, o\u00f9 ils avaient termin\u00e9 \u00e0 l\u2019avant-derni\u00e8re place de leur groupe lors de la saison 2024-2025, l\u2019<strong><a href=\"https:\/\/rmcsport.bfmtv.com\/football\/europa-league\/ligue-europa-dante-voit-grand-pour-l-ogc-nice-et-savoure-un-tirage-releve_AV-202508290589.html\" title=\"Ligue Europa: Dante voit grand pour l\u2019OGC Nice et savoure un tirage relev\u00e9\" class=\"internal_link\" rel=\"nofollow noopener\" target=\"_blank\">OGC Nice<\/a><\/strong> retrouve la <strong><a href=\"https:\/\/rmcsport.bfmtv.com\/football\/europa-league\/\" target=\"_blank\" class=\"external_link\" rel=\"nofollow noopener\">Ligue Europa<\/a><\/strong> avec un go\u00fbt de revanche. Le Gym, port\u00e9 par l\u2019ambition de Franck Haise et une \u00e9quipe rajeunie mais pleine de caract\u00e8re, veut montrer qu\u2019il a appris de ses erreurs.<\/p>\n<p>Le tirage au sort, effectu\u00e9 \u00e0 Monaco ce vendredi 29 ao\u00fbt, a r\u00e9serv\u00e9 aux Aiglons un programme plus que relev\u00e9 dans cette phase de ligue de la C3. Au menu: l\u2019AS Rome, Porto, Braga, Fenerbah\u00e7e, Fribourg, Ludogorets, Go Ahead Eagles et le Celta Vigo. Un m\u00e9lange de cadors europ\u00e9ens exp\u00e9riment\u00e9s et de challengers tenaces, o\u00f9 Nice devra conjuguer discipline, intensit\u00e9 et audace pour esp\u00e9rer voir le printemps europ\u00e9en.<\/p>\n<p>Les adversaires de l&rsquo;OGC Nice pour la phase de ligue<\/p>\n<ul class=\"list_unordered\">\n<li>AS Rome (domicile)<\/li>\n<li>Porto (ext\u00e9rieur)<\/li>\n<li>Braga (domicile)<\/li>\n<li>Fenerbah\u00e7e (ext\u00e9rieur)<\/li>\n<li>Fribourg (domicile)<\/li>\n<li>Ludogorets (ext\u00e9rieur)<\/li>\n<li>Go Ahead Eagles (domicile)<\/li>\n<li>Celta Vigo (ext\u00e9rieur)<\/li>\n<\/ul>\n<p>Le calendrier des matchs de l&rsquo;OGC Nice en phase de ligue<\/p>\n<p>La phase de ligue se d\u00e9roulera sur huit journ\u00e9es, entre septembre et janvier. Voici les dates \u00e0 retenir :<\/p>\n<ul class=\"list_unordered\">\n<li>Nice-AS Rome: 24 septembre 2025 \u00e0 21h<\/li>\n<li>Fenerbah\u00e7e-Nice: 2 octobre 2025 \u00e0 18h45<\/li>\n<li>RC Celta-Nice: 23 octobre 2025 \u00e0 21h<\/li>\n<li>Nice-Fribourg: 6 novembre 2025 \u00e0 18h45<\/li>\n<li>Porto-Nice: 27 novembre 2025 \u00e0 18h45<\/li>\n<li>Nice-Braga: 11 d\u00e9cembre 2025 \u00e0 18h45<\/li>\n<li>Nice-Go Ahead Eagles: 22 janvier 2026 \u00e0 21h<\/li>\n<li>Ludogorets-Nice: 29 janvier 2026 \u00e0 21h<\/li>\n<\/ul>\n<p>L\u2019<strong><a href=\"https:\/\/rmcsport.bfmtv.com\/football\/europa-league\/video-ligue-europa-ol-losc-ogc-nice-le-programme-des-francais-et-les-chocs-de-la-phase-reguliere_VN-202508290499.html\" title=\"Ligue Europa : OL, LOSC, OGC Nice\u2026 le programme des Fran\u00e7ais et les chocs de la phase r\u00e9guli\u00e8re\" class=\"internal_link\" rel=\"nofollow noopener\" target=\"_blank\">OGC Nice<\/a><\/strong> conna\u00eet le d\u00e9fi qui l\u2019attend dans une <strong><a href=\"https:\/\/rmcsport.bfmtv.com\/football\/europa-league\/\" target=\"_blank\" class=\"external_link\" rel=\"nofollow noopener\">Ligue Europa<\/a><\/strong> o\u00f9 chaque rencontre sera d\u00e9cisive dans la qu\u00eate des huiti\u00e8mes de finale ou, a minima, des barrages. Entre soir\u00e9es bouillantes \u00e0 l\u2019Allianz Riviera et d\u00e9placements p\u00e9rilleux dans des stades hostiles, le Gym devra afficher une constance que l\u2019Europe ne lui a pas encore vue. Aux Aiglons de transformer cette revanche en \u00e9pop\u00e9e et de faire vibrer \u00e0 nouveau leurs supporters sur la sc\u00e8ne continentale.<\/p>\n","protected":false},"excerpt":{"rendered":"Apr\u00e8s avoir go\u00fbt\u00e9 \u00e0 l\u2019amertume d\u2019une campagne europ\u00e9enne manqu\u00e9e l\u2019an pass\u00e9, l\u2019OGC Nice s\u2019avance cette fois en Ligue&hellip;\n","protected":false},"author":2,"featured_media":337471,"comment_status":"","ping_status":"","sticky":false,"template":"","format":"standard","meta":{"footnotes":""},"categories":[2819],"tags":[1111,11,1777,674,1011,27,12,2401,882,25],"class_list":{"0":"post-355268","1":"post","2":"type-post","3":"status-publish","4":"format-standard","5":"has-post-thumbnail","7":"category-nice","8":"tag-actu","9":"tag-actualites","10":"tag-eu","11":"tag-europe","12":"tag-fr","13":"tag-france","14":"tag-news","15":"tag-nice","16":"tag-provence-alpes-cote-dazur","17":"tag-republique-francaise"},"share_on_mastodon":{"url":"","error":""},"_links":{"self":[{"href":"https:\/\/www.europesays.com\/fr\/wp-json\/wp\/v2\/posts\/355268","targetHints":{"allow":["GET"]}}],"collection":[{"href":"https:\/\/www.europesays.com\/fr\/wp-json\/wp\/v2\/posts"}],"about":[{"href":"https:\/\/www.europesays.com\/fr\/wp-json\/wp\/v2\/types\/post"}],"author":[{"embeddable":true,"href":"https:\/\/www.europesays.com\/fr\/wp-json\/wp\/v2\/users\/2"}],"replies":[{"embeddable":true,"href":"https:\/\/www.europesays.com\/fr\/wp-json\/wp\/v2\/comments?post=355268"}],"version-history":[{"count":0,"href":"https:\/\/www.europesays.com\/fr\/wp-json\/wp\/v2\/posts\/355268\/revisions"}],"wp:featuredmedia":[{"embeddable":true,"href":"https:\/\/www.europesays.com\/fr\/wp-json\/wp\/v2\/media\/337471"}],"wp:attachment":[{"href":"https:\/\/www.europesays.com\/fr\/wp-json\/wp\/v2\/media?parent=355268"}],"wp:term":[{"taxonomy":"category","embeddable":true,"href":"https:\/\/www.europesays.com\/fr\/wp-json\/wp\/v2\/categories?post=355268"},{"taxonomy":"post_tag","embeddable":true,"href":"https:\/\/www.europesays.com\/fr\/wp-json\/wp\/v2\/tags?post=355268"}],"curies":[{"name":"wp","href":"https:\/\/api.w.org\/{rel}","templated":true}]}}