{"id":355273,"date":"2025-08-30T22:52:14","date_gmt":"2025-08-30T22:52:14","guid":{"rendered":"https:\/\/www.europesays.com\/fr\/355273\/"},"modified":"2025-08-30T22:52:14","modified_gmt":"2025-08-30T22:52:14","slug":"le-bhns-b4-du-plan-marseille-en-grand-reliera-geze-a-la-fourragere-en-27-minutes-des-lundi","status":"publish","type":"post","link":"https:\/\/www.europesays.com\/fr\/355273\/","title":{"rendered":"Le BHNS B4 du plan Marseille en grand reliera G\u00e8ze \u00e0 la Fourrag\u00e8re en 27 minutes d\u00e8s lundi"},"content":{"rendered":"<p>\u00ab\u00a0Monsieur le vice-pr\u00e9sident de la R\u00e9gion Ludovic Perney, Madame la pr\u00e9sidente de la RTM Catherine Pila, Madame la maire d\u2019arrondissement (13e-14e) Marion Bareille, Monsieur le maire d\u2019arrondissement (11e-12e) Sylvain Souvestre, Monsieur le maire Beno\u00eet Payan, ah, mince, il n\u2019est pas l\u00e0\u2026\u00a0\u00bb<\/p>\n<p>Samedi 30\u00a0ao\u00fbt au matin, c\u2019est dans une ambiance de <a href=\"https:\/\/www.laprovence.com\/elections\/municipales\" target=\"_blank\" rel=\"nofollow noopener\">pr\u00e9-campagne \u00e9lectorale<\/a> que Martine Vassal, la pr\u00e9sidente (DVD) de la M\u00e9tropole Aix-Marseille et <a href=\"https:\/\/www.laprovence.com\/article\/politique\/2976008564089815\/municipales-2026-a-marseille-je-ne-minterdis-rien-dit-martine-vassal\" target=\"_blank\" rel=\"nofollow noopener\">pressentie candidate de la droite aux municipales<\/a>, a inaugur\u00e9 la nouvelle ligne de bus \u00e0 haut niveau de service (BHNS) <a href=\"https:\/\/www.laprovence.com\/article\/societe\/38743131403632\/la-rtm-annonce-des-plus-dans-le-bus-marseillais-pour-la-rentree-tout-ce-qui-change\" target=\"_blank\" rel=\"nofollow noopener\">B4 <\/a>du plan mobilit\u00e9s Marseille en grand \u00e0 un milliard d\u2019euros.<\/p>\n<p>D\u00e8s lundi, le B4 reliera le m\u00e9tro G\u00e8ze (15e) au m\u00e9tro la Fourrag\u00e8re (12e), via Arnavon, Picon Busserine, le Merlan, les Lauriers, les Oliviers et Frais-Vallon. Il parcourra 8\u00a0km dont 4,7\u00a0km en site propre et 2\u00a0km de tunnel sous la L2 en seulement 27 minutes. En semaine, un passage est pr\u00e9vu toutes les dix minutes en moyenne, avec un premier d\u00e9part d\u00e8s 4\u00a0h\u00a030 du matin, un dernier \u00e0 1\u00a0h du matin.<\/p>\n<p>\u00ab\u00a0Ce projet est d\u00e9terminant pour les quartiers Nord et Est, mais plus largement pour toute la ville, avec une connexion directe avec le m\u00e9tro et demain le tramway, se f\u00e9licite Marion Bar&#8230;<\/p>\n","protected":false},"excerpt":{"rendered":"\u00ab\u00a0Monsieur le vice-pr\u00e9sident de la R\u00e9gion Ludovic Perney, Madame la pr\u00e9sidente de la RTM Catherine Pila, Madame la&hellip;\n","protected":false},"author":2,"featured_media":355274,"comment_status":"","ping_status":"","sticky":false,"template":"","format":"standard","meta":{"footnotes":""},"categories":[2814],"tags":[17,1111,11,49121,1777,674,49123,1011,27,27661,2515,884,12,5355,882,16,49122,25],"class_list":{"0":"post-355273","1":"post","2":"type-post","3":"status-publish","4":"format-standard","5":"has-post-thumbnail","7":"category-marseille","8":"tag-17","9":"tag-actu","10":"tag-actualites","11":"tag-bhns","12":"tag-eu","13":"tag-europe","14":"tag-fourragere","15":"tag-fr","16":"tag-france","17":"tag-geze","18":"tag-grand","19":"tag-marseille","20":"tag-news","21":"tag-plan","22":"tag-provence-alpes-cote-dazur","23":"tag-region","24":"tag-reliera","25":"tag-republique-francaise"},"share_on_mastodon":{"url":"https:\/\/pubeurope.com\/@fr\/115120173472909005","error":""},"_links":{"self":[{"href":"https:\/\/www.europesays.com\/fr\/wp-json\/wp\/v2\/posts\/355273","targetHints":{"allow":["GET"]}}],"collection":[{"href":"https:\/\/www.europesays.com\/fr\/wp-json\/wp\/v2\/posts"}],"about":[{"href":"https:\/\/www.europesays.com\/fr\/wp-json\/wp\/v2\/types\/post"}],"author":[{"embeddable":true,"href":"https:\/\/www.europesays.com\/fr\/wp-json\/wp\/v2\/users\/2"}],"replies":[{"embeddable":true,"href":"https:\/\/www.europesays.com\/fr\/wp-json\/wp\/v2\/comments?post=355273"}],"version-history":[{"count":0,"href":"https:\/\/www.europesays.com\/fr\/wp-json\/wp\/v2\/posts\/355273\/revisions"}],"wp:featuredmedia":[{"embeddable":true,"href":"https:\/\/www.europesays.com\/fr\/wp-json\/wp\/v2\/media\/355274"}],"wp:attachment":[{"href":"https:\/\/www.europesays.com\/fr\/wp-json\/wp\/v2\/media?parent=355273"}],"wp:term":[{"taxonomy":"category","embeddable":true,"href":"https:\/\/www.europesays.com\/fr\/wp-json\/wp\/v2\/categories?post=355273"},{"taxonomy":"post_tag","embeddable":true,"href":"https:\/\/www.europesays.com\/fr\/wp-json\/wp\/v2\/tags?post=355273"}],"curies":[{"name":"wp","href":"https:\/\/api.w.org\/{rel}","templated":true}]}}