{"id":355279,"date":"2025-08-30T22:55:16","date_gmt":"2025-08-30T22:55:16","guid":{"rendered":"https:\/\/www.europesays.com\/fr\/355279\/"},"modified":"2025-08-30T22:55:16","modified_gmt":"2025-08-30T22:55:16","slug":"un-tag-free-gaza-sur-un-memorial-de-la-shoah-a-lyon-2","status":"publish","type":"post","link":"https:\/\/www.europesays.com\/fr\/355279\/","title":{"rendered":"Un tag \u00ab\u00a0Free Gaza\u00a0\u00bb sur un m\u00e9morial de la Shoah \u00e0 Lyon"},"content":{"rendered":"<p>\u00ab\u00a0La d\u00e9gradation du M\u00e9morial de la Shoah \u00e0 Lyon est un acte intol\u00e9rable. Je le condamne et exprime toute ma solidarit\u00e9 aux associations de m\u00e9moire, aux rescap\u00e9s et \u00e0 leurs descendants\u00a0\u00bb, \u00e9crit M. Doucet dans un message transmis \u00e0 l\u2019AFP. \u00ab\u00a0Les auteurs seront recherch\u00e9s et poursuivis. Lyon reste debout face \u00e0 la haine, \u00e0 l\u2019antis\u00e9mitisme et au racisme\u00a0\u00bb, poursuit le maire.<\/p>\n<p>\u00c0 proximit\u00e9 de la gare de Lyon-Perrache en centre-ville, le monument, nomm\u00e9 Les Rails de la m\u00e9moire, a \u00e9t\u00e9 inaugur\u00e9 en janvier 2025 pour les 80\u00a0ans de la lib\u00e9ration du camp d\u2019Auschwitz-Birkenau.<\/p>\n<p>Cet empilement de rails entrecrois\u00e9s sur 3m de haut symbolise le point de d\u00e9part des convois de d\u00e9port\u00e9s et arbore en lettres dor\u00e9es l\u2019inscription suivante\u00a0: \u00ab\u00a0En m\u00e9moire des six millions de Juifs victimes de la Shoah dont un million et demi d\u2019enfants &#8211; 1941-1945 &#8211; 6\u00a0100 venaient de notre r\u00e9gion\u00a0\u00bb.<\/p>\n<p>Acte antis\u00e9mite<\/p>\n<p>\u00ab\u00a0Le fait que cette inscription ait \u00e9t\u00e9 faite sur un m\u00e9morial \u00e0 la Shoah rel\u00e8ve \u00e9videmment d\u2019un acte antis\u00e9mite\u00a0\u00bb, a comment\u00e9 aupr\u00e8s de l\u2019AFP un responsable du cabinet de la mairie. La municipalit\u00e9 a rapidement fait effacer l\u2019inscription et \u00ab\u00a0restaurera la semaine prochaine l\u2019int\u00e9grit\u00e9 de la plaque\u00a0\u00bb, a pr\u00e9cis\u00e9 cette source. Le pr\u00e9sident de l\u2019association du M\u00e9morial de la Shoah, Jean-Olivier Viout, a d\u00e9pos\u00e9 une plainte, selon la mairie.<\/p>\n<p>Les actes antis\u00e9mites ont connu une nette progression en France apr\u00e8s le 7\u00a0octobre 2023, date des attaques sans pr\u00e9c\u00e9dent du mouvement islamiste palestinien Hamas contre Isra\u00ebl et <a href=\"https:\/\/www.sudouest.fr\/international\/moyen-orient\/israel\/guerre-a-gaza-la-croix-rouge-met-en-garde-contre-l-evacuation-de-la-ville-israel-durcit-le-siege-25723466.php\" target=\"_blank\" rel=\"follow nofollow noopener\">du d\u00e9clenchement de la guerre \u00e0 Gaza<\/a>.<\/p>\n","protected":false},"excerpt":{"rendered":"\u00ab\u00a0La d\u00e9gradation du M\u00e9morial de la Shoah \u00e0 Lyon est un acte intol\u00e9rable. Je le condamne et exprime&hellip;\n","protected":false},"author":2,"featured_media":355280,"comment_status":"","ping_status":"","sticky":false,"template":"","format":"standard","meta":{"footnotes":""},"categories":[1889],"tags":[1111,11,2430,1777,674,1011,27,2428,12,25],"class_list":{"0":"post-355279","1":"post","2":"type-post","3":"status-publish","4":"format-standard","5":"has-post-thumbnail","7":"category-lyon","8":"tag-actu","9":"tag-actualites","10":"tag-auvergne-rhone-alpes","11":"tag-eu","12":"tag-europe","13":"tag-fr","14":"tag-france","15":"tag-lyon","16":"tag-news","17":"tag-republique-francaise"},"share_on_mastodon":{"url":"https:\/\/pubeurope.com\/@fr\/115120185276151464","error":""},"_links":{"self":[{"href":"https:\/\/www.europesays.com\/fr\/wp-json\/wp\/v2\/posts\/355279","targetHints":{"allow":["GET"]}}],"collection":[{"href":"https:\/\/www.europesays.com\/fr\/wp-json\/wp\/v2\/posts"}],"about":[{"href":"https:\/\/www.europesays.com\/fr\/wp-json\/wp\/v2\/types\/post"}],"author":[{"embeddable":true,"href":"https:\/\/www.europesays.com\/fr\/wp-json\/wp\/v2\/users\/2"}],"replies":[{"embeddable":true,"href":"https:\/\/www.europesays.com\/fr\/wp-json\/wp\/v2\/comments?post=355279"}],"version-history":[{"count":0,"href":"https:\/\/www.europesays.com\/fr\/wp-json\/wp\/v2\/posts\/355279\/revisions"}],"wp:featuredmedia":[{"embeddable":true,"href":"https:\/\/www.europesays.com\/fr\/wp-json\/wp\/v2\/media\/355280"}],"wp:attachment":[{"href":"https:\/\/www.europesays.com\/fr\/wp-json\/wp\/v2\/media?parent=355279"}],"wp:term":[{"taxonomy":"category","embeddable":true,"href":"https:\/\/www.europesays.com\/fr\/wp-json\/wp\/v2\/categories?post=355279"},{"taxonomy":"post_tag","embeddable":true,"href":"https:\/\/www.europesays.com\/fr\/wp-json\/wp\/v2\/tags?post=355279"}],"curies":[{"name":"wp","href":"https:\/\/api.w.org\/{rel}","templated":true}]}}