{"id":355297,"date":"2025-08-30T23:10:36","date_gmt":"2025-08-30T23:10:36","guid":{"rendered":"https:\/\/www.europesays.com\/fr\/355297\/"},"modified":"2025-08-30T23:10:36","modified_gmt":"2025-08-30T23:10:36","slug":"manifestations-devant-hotels-accueillant-des-demandeurs-dasile-au-royaume-uni-se-multiplient-business-am","status":"publish","type":"post","link":"https:\/\/www.europesays.com\/fr\/355297\/","title":{"rendered":"Manifestations devant h\u00f4tels accueillant des demandeurs d&rsquo;asile au Royaume-Uni se multiplient &#8211; Business AM"},"content":{"rendered":"<p>Principaux renseignements<\/p>\n<ul class=\"wp-block-list\">\n<li><strong>Les manifestations contre les h\u00f4tels pour demandeurs d\u2019asile au Royaume-Uni se sont intensifi\u00e9es, motiv\u00e9es par des inqui\u00e9tudes concernant la s\u00e9curit\u00e9, les charges financi\u00e8res et les diff\u00e9rences culturelles.<\/strong><\/li>\n<li><strong>Certains manifestants estiment que l\u2019afflux de demandeurs d\u2019asile constitue une menace pour la soci\u00e9t\u00e9 britannique et s\u2019interrogent sur la capacit\u00e9 du gouvernement \u00e0 traiter le probl\u00e8me de mani\u00e8re efficace.<\/strong><\/li>\n<li><strong>Si certaines manifestations sont rest\u00e9es pacifiques, les contre-manifestations ont donn\u00e9 lieu \u00e0 des insultes et \u00e0 de l\u2019hostilit\u00e9 \u00e0 l\u2019\u00e9gard de ceux qui expriment des inqui\u00e9tudes au sujet des politiques d\u2019asile.<\/strong><\/li>\n<\/ul>\n<p>Les manifestations contre les h\u00f4tels pour demandeurs d\u2019asile se sont intensifi\u00e9es cet \u00e9t\u00e9 dans tout le <a href=\"https:\/\/fr.businessam.be\/linflation-alimentaire-au-royaume-uni-atteint-son-plus-haut-niveau-en-18-mois\/\" rel=\"nofollow noopener\" target=\"_blank\">Royaume-Uni<\/a>. <a href=\"https:\/\/news.sky.com\/story\/our-countrys-ruined-protesters-on-why-they-oppose-asylum-hotels-13419796\" rel=\"nofollow noopener\" target=\"_blank\">Sky News<\/a> s\u2019est entretenu avec des manifestants qui estiment que leur voix n\u2019est pas entendue par ceux qui d\u00e9tiennent le pouvoir. <\/p>\n<p>Dinah Bentley, une enseignante retrait\u00e9e de 78 ans originaire du West Yorkshire, a exprim\u00e9 sa frustration face \u00e0 la situation. Elle estime que l\u2019afflux de personnes arrivant par petits bateaux est une invasion et a cit\u00e9 la position de <a href=\"https:\/\/fr.businessam.be\/le-parti-travailliste-attaque-le-plan-brexit-de-nigel-farage-et-met-en-garde-contre-les-consequences-economiques\/\" rel=\"nofollow noopener\" target=\"_blank\">Nigel Farage<\/a> sur l\u2019immigration comme \u00e9tant en accord avec ses propres opinions. Dinah estime que les m\u00e9dias traditionnels ne sont pas dignes de confiance et se fie aux m\u00e9dias sociaux pour s\u2019informer. C\u2019est ainsi qu\u2019elle a appris l\u2019existence d\u2019une manifestation devant un h\u00f4tel de Wakefield h\u00e9bergeant des demandeurs d\u2019asile.<\/p>\n<p>\u00ab\u00a0Charge financi\u00e8re\u00a0\u00bb<\/p>\n<p>C\u2019est la premi\u00e8re fois que Dinah participe \u00e0 des manifestations li\u00e9es \u00e0 l\u2019immigration. Elle ressent un sentiment d\u2019urgence, estimant que les gens ordinaires ne peuvent plus rester silencieux. Un incident r\u00e9cent impliquant un demandeur d\u2019asile accus\u00e9 d\u2019agression sexuelle a encore aliment\u00e9 ses angoisses.  Dinah s\u2019inqui\u00e8te pour la s\u00e9curit\u00e9 de ses petites-filles et s\u2019interroge sur l\u2019identit\u00e9 et les intentions de ceux qui arrivent par petits bateaux. Elle a \u00e9galement critiqu\u00e9 la charge financi\u00e8re que repr\u00e9sente l\u2019h\u00e9bergement des demandeurs d\u2019asile dans des h\u00f4tels.<\/p>\n<p>Tout en soutenant le projet du gouvernement de fermer les h\u00f4tels pour demandeurs d\u2019asile, Dinah reste sceptique quant \u00e0 sa mise en \u0153uvre. James Crashley, un ancien militaire et policier de 47 ans originaire de Wakefield, s\u2019est fait l\u2019\u00e9cho de sentiments similaires. Il s\u2019est prononc\u00e9 contre l\u2019h\u00e9bergement des demandeurs d\u2019asile dans des h\u00f4tels ou des logements partag\u00e9s, s\u2019appuyant sur son exp\u00e9rience au Kosovo et en Irak, o\u00f9 il a v\u00e9cu dans des tentes pendant de longues p\u00e9riodes.<\/p>\n<p>Valeurs contradictoires<\/p>\n<p>James a cr\u00e9\u00e9 un groupe de b\u00e9n\u00e9voles appel\u00e9 \u00ab\u00a05 Town Migrant Watch\u00a0\u00bb pour soutenir les manifestations et lutter contre ce qu\u2019il per\u00e7oit comme un comportement antisocial de la part des \u00ab\u00a0hommes migrants ill\u00e9gaux\u00a0\u00bb. Il attribue ce comportement \u00e0 des diff\u00e9rences culturelles, affirmant que ces individus ont des valeurs contradictoires et ne respectent pas les lois britanniques. Bien qu\u2019il ait admis avoir d\u00e9j\u00e0 commis une infraction \u00e0 l\u2019ordre public, James a soulign\u00e9 le caract\u00e8re pacifique des actions de son groupe tout en affirmant qu\u2019il \u00e9tait pr\u00eat \u00e0 pr\u00e9venir la criminalit\u00e9.<\/p>\n<p>Lors d\u2019une manifestation ult\u00e9rieure devant l\u2019h\u00f4tel Cedar Court \u00e0 Wakefield, des contre-manifestants ont insult\u00e9 Dinah et d\u2019autres participants. Dinah n\u2019a pas vacill\u00e9 face \u00e0 ces insultes, qu\u2019elle a jug\u00e9es sans importance. Sharon, une autre manifestante, a exprim\u00e9 sa peur et sa frustration devant l\u2019hostilit\u00e9 dont elle faisait l\u2019objet, simplement parce qu\u2019elle avait exprim\u00e9 ses pr\u00e9occupations. Dinah et James estiment tous deux que le gouvernement ignore leurs demandes et pensent que la col\u00e8re et l\u2019incertitude continueront de couver tant qu\u2019il n\u2019adoptera pas de mesures significatives. (fc)<\/p>\n","protected":false},"excerpt":{"rendered":"Principaux renseignements Les manifestations contre les h\u00f4tels pour demandeurs d\u2019asile au Royaume-Uni se sont intensifi\u00e9es, motiv\u00e9es par des&hellip;\n","protected":false},"author":2,"featured_media":355298,"comment_status":"","ping_status":"","sticky":false,"template":"","format":"standard","meta":{"footnotes":""},"categories":[1588],"tags":[11,1777,674,12,473,1853,1851,1850,1852],"class_list":{"0":"post-355297","1":"post","2":"type-post","3":"status-publish","4":"format-standard","5":"has-post-thumbnail","7":"category-royaume-uni","8":"tag-actualites","9":"tag-eu","10":"tag-europe","11":"tag-news","12":"tag-royaume-uni","13":"tag-royaume-uni-de-grande-bretagne-et-dirlande-du-nord","14":"tag-uk","15":"tag-united-kingdom","16":"tag-united-kingdom-of-great-britain-and-northern-ireland"},"share_on_mastodon":{"url":"","error":""},"_links":{"self":[{"href":"https:\/\/www.europesays.com\/fr\/wp-json\/wp\/v2\/posts\/355297","targetHints":{"allow":["GET"]}}],"collection":[{"href":"https:\/\/www.europesays.com\/fr\/wp-json\/wp\/v2\/posts"}],"about":[{"href":"https:\/\/www.europesays.com\/fr\/wp-json\/wp\/v2\/types\/post"}],"author":[{"embeddable":true,"href":"https:\/\/www.europesays.com\/fr\/wp-json\/wp\/v2\/users\/2"}],"replies":[{"embeddable":true,"href":"https:\/\/www.europesays.com\/fr\/wp-json\/wp\/v2\/comments?post=355297"}],"version-history":[{"count":0,"href":"https:\/\/www.europesays.com\/fr\/wp-json\/wp\/v2\/posts\/355297\/revisions"}],"wp:featuredmedia":[{"embeddable":true,"href":"https:\/\/www.europesays.com\/fr\/wp-json\/wp\/v2\/media\/355298"}],"wp:attachment":[{"href":"https:\/\/www.europesays.com\/fr\/wp-json\/wp\/v2\/media?parent=355297"}],"wp:term":[{"taxonomy":"category","embeddable":true,"href":"https:\/\/www.europesays.com\/fr\/wp-json\/wp\/v2\/categories?post=355297"},{"taxonomy":"post_tag","embeddable":true,"href":"https:\/\/www.europesays.com\/fr\/wp-json\/wp\/v2\/tags?post=355297"}],"curies":[{"name":"wp","href":"https:\/\/api.w.org\/{rel}","templated":true}]}}