{"id":355301,"date":"2025-08-30T23:11:19","date_gmt":"2025-08-30T23:11:19","guid":{"rendered":"https:\/\/www.europesays.com\/fr\/355301\/"},"modified":"2025-08-30T23:11:19","modified_gmt":"2025-08-30T23:11:19","slug":"brann-en-ouverture-la-roma-rapidement-le-calendrier-exact-en-ligue-europa-est-connu","status":"publish","type":"post","link":"https:\/\/www.europesays.com\/fr\/355301\/","title":{"rendered":"Brann en ouverture, la Roma rapidement, le calendrier exact en Ligue Europa est connu !"},"content":{"rendered":"<p>Au lendemain du tirage au sort de la Ligue Europa qui a permis au LOSC de conna\u00eetre ses huit adversaires europ\u00e9ens, l\u2019UEFA a d\u00e9voil\u00e9 les dates exactes des diff\u00e9rents matches de phase de ligue. La troupe de Bruno Genesio commencera et terminera leur aventure au stade Pierre-Mauroy.<\/p>\n<p>Le LOSC plut\u00f4t \u00e0 18h45 qu\u2019\u00e0 21 heures<\/p>\n<p>Apr\u00e8s avoir d\u00e9couvert son menu europ\u00e9en ce vendredi, LOSC en conna\u00eet d\u00e9sormais son d\u00e9roul\u00e9. Les Dogues entameront leur aventure \u00e0 Pierre-Mauroy, face \u00e0 <strong>Brann<\/strong>, le jeudi 25 septembre. Apr\u00e8s ce qui ressemble \u00e0 son match le plus abordable sur le papier, le club nordiste aura rendez-vous une semaine plus tard avec son adversaire le plus coriace, l\u2019<strong>AS Roma<\/strong>, une semaine plus tard. Ces deux rencontres d\u00e9buteront \u00e0 18h45, avec cinq matches programm\u00e9s \u00e0 cet horaire \u2013 contre trois \u00e0 21 heures.<\/p>\n<p>Bruno Genesio et ses hommes encha\u00eeneront ensuite contre le <strong>PAOK<\/strong> (23 octobre, 21h), puis se rendront chez l\u2019<strong>\u00c9toile Rouge de Belgrade<\/strong> (6 novembre, 18h45) avant d\u2019accueillir le <strong>Dinamo Zagreb<\/strong> (27 novembre, 18h45). Le d\u00e9placement face aux <strong>Young Boys de Berne<\/strong> \u2013 <a href=\"https:\/\/le11hdf.fr\/losc-pas-de-diffusion-pour-un-match-de-ligue-europa\/\" rel=\"nofollow noopener\" target=\"_blank\">qui n\u2019est pas assur\u00e9 d\u2019\u00eatre diffus\u00e9<\/a> \u2013 viendra conclure l\u2019ann\u00e9e 2025 du LOSC en Europe (11 d\u00e9cembre, 18h45), qui reprendra en 2026 avec un autre match \u00e0 l\u2019ext\u00e9rieur, \u00e0 <strong>Vigo<\/strong> (22 janvier, 21h). Avant le dernier rendez-vous de la phase contre <strong>Fribourg<\/strong> (29 janvier, 21h), \u00e0 Pierre-Mauroy.<\/p>\n<p class=\"has-very-light-gray-background-color has-background\">25\u00a0septembre\u00a0: Lille \u2013 Brann, \u00e0 18h45<br \/>2\u00a0octobre\u00a0: Roma \u2013 Lille, \u00e0 18h45<br \/>23\u00a0octobre\u00a0: Lille \u2013 PAOK, \u00e0 21\u00a0heures<br \/>6\u00a0novembre\u00a0: \u00c9toile Rouge \u2013 Lille, \u00e0 18h45<br \/>27\u00a0novembre\u00a0: Lille \u2013 Dinamo Zagreb, \u00e0 18h45<br \/>11\u00a0d\u00e9cembre\u00a0: Young Boys \u2013 Lille, \u00e0 18h45<br \/>22\u00a0janvier\u00a0: Celta de Vigo \u2013 Lille, \u00e0 21\u00a0heures<br \/>29\u00a0janvier\u00a0: Lille \u2013 Fribourg, \u00e0 21\u00a0heures<\/p>\n<p>Cr\u00e9dits photo : Pascal Della Zuana\/<a href=\"https:\/\/www.iconsport.fr\" target=\"_blank\" rel=\"noopener nofollow\">Icon Sport<\/a><\/p>\n","protected":false},"excerpt":{"rendered":"Au lendemain du tirage au sort de la Ligue Europa qui a permis au LOSC de conna\u00eetre ses&hellip;\n","protected":false},"author":2,"featured_media":355302,"comment_status":"","ping_status":"","sticky":false,"template":"","format":"standard","meta":{"footnotes":""},"categories":[2815],"tags":[1111,11,1777,674,1011,27,811,1307,12,25],"class_list":{"0":"post-355301","1":"post","2":"type-post","3":"status-publish","4":"format-standard","5":"has-post-thumbnail","7":"category-lille","8":"tag-actu","9":"tag-actualites","10":"tag-eu","11":"tag-europe","12":"tag-fr","13":"tag-france","14":"tag-hauts-de-france","15":"tag-lille","16":"tag-news","17":"tag-republique-francaise"},"share_on_mastodon":{"url":"https:\/\/pubeurope.com\/@fr\/115120250720328449","error":""},"_links":{"self":[{"href":"https:\/\/www.europesays.com\/fr\/wp-json\/wp\/v2\/posts\/355301","targetHints":{"allow":["GET"]}}],"collection":[{"href":"https:\/\/www.europesays.com\/fr\/wp-json\/wp\/v2\/posts"}],"about":[{"href":"https:\/\/www.europesays.com\/fr\/wp-json\/wp\/v2\/types\/post"}],"author":[{"embeddable":true,"href":"https:\/\/www.europesays.com\/fr\/wp-json\/wp\/v2\/users\/2"}],"replies":[{"embeddable":true,"href":"https:\/\/www.europesays.com\/fr\/wp-json\/wp\/v2\/comments?post=355301"}],"version-history":[{"count":0,"href":"https:\/\/www.europesays.com\/fr\/wp-json\/wp\/v2\/posts\/355301\/revisions"}],"wp:featuredmedia":[{"embeddable":true,"href":"https:\/\/www.europesays.com\/fr\/wp-json\/wp\/v2\/media\/355302"}],"wp:attachment":[{"href":"https:\/\/www.europesays.com\/fr\/wp-json\/wp\/v2\/media?parent=355301"}],"wp:term":[{"taxonomy":"category","embeddable":true,"href":"https:\/\/www.europesays.com\/fr\/wp-json\/wp\/v2\/categories?post=355301"},{"taxonomy":"post_tag","embeddable":true,"href":"https:\/\/www.europesays.com\/fr\/wp-json\/wp\/v2\/tags?post=355301"}],"curies":[{"name":"wp","href":"https:\/\/api.w.org\/{rel}","templated":true}]}}