{"id":355311,"date":"2025-08-30T23:15:21","date_gmt":"2025-08-30T23:15:21","guid":{"rendered":"https:\/\/www.europesays.com\/fr\/355311\/"},"modified":"2025-08-30T23:15:21","modified_gmt":"2025-08-30T23:15:21","slug":"une-mega-panne-au-cic-et-au-credit-mutuel-perturbe-les-paiements-de-leurs-clients-liberation","status":"publish","type":"post","link":"https:\/\/www.europesays.com\/fr\/355311\/","title":{"rendered":"Une m\u00e9ga-panne au CIC et au Cr\u00e9dit mutuel perturbe les paiements de leurs clients &#8211; Lib\u00e9ration"},"content":{"rendered":"<ol>\n<li><a href=\"https:\/\/news.google.com\/rss\/articles\/CBMi8AFBVV95cUxPMVBacVh0NkFYUHZBQnZiVVhGV3dhRzFJdFRsUUlpSmhGOXViYWhIQXlnTUtzLWZ6cUtUa0FqaXVoWm45ckZrenBVZmR6Z3p2aFFUZE5tQlhQNGFpRkIyTDZIaENzTHd1c0lLV1RNWklIU2FMbmstb2swQXhKS2lhR1VqbzNTdEhfbWJOVXZ0dVB0TEwweUhGUzMxanVNYi1VZ01SbVRLNlhPTUJYdjBmZ0pZVGQ4clptMGpZLVJ6SUNOaThtaDBWMHkwcVRtaEVCa0Rxd2pnX2hOYldCUjRTX3lEb2dVQV9CNnNpa3MzdVE?oc=5\" target=\"_blank\" rel=\"noopener\">Une m\u00e9ga-panne au CIC et au Cr\u00e9dit mutuel perturbe les paiements de leurs clients<\/a>&nbsp;&nbsp;Lib\u00e9ration<\/li>\n<li><a href=\"https:\/\/news.google.com\/rss\/articles\/CBMi2AFBVV95cUxOLWVJcndrODhBN2poUERlcWttLVBQUlhwSDF1NFpVR1p3Z2pwbktKZml1cUZ3MFVGWU9BNTJQeVhjOUJxUlRTZUZ0dU8zbUhFdE9YYXQ5QXlHMnN1dWRIZkZieEE1d3cxZm1vbnNyN0otV1F1N2NHdkowMVB4SFdjZGZGOXZBWHR1dGF6Y3J5MjIwNllLWmpqNHdBS2hkTGd0TVRKNTBRc1Fsb19ZTjExWDBVWElOUkZsSkxlYzRsbkRfcTNtOElKaTdLMFFNZzhfSjJNb0NMWWk?oc=5\" target=\"_blank\" rel=\"noopener\">Une panne perturbe pendant plus de deux heures les paiements et retraits de milliers de clients du Cr\u00e9dit Mutuel et du CIC<\/a>&nbsp;&nbsp;Le Figaro<\/li>\n<li><a href=\"https:\/\/news.google.com\/rss\/articles\/CBMilAJBVV95cUxOVFQ3SVRaLTU3UU1mVTNpZ0dHWmRWdmN5cnNTeG1rQ0dxTV9maVgyVUR5Um5INms3Zml3Y2JmZzFBUjE2Zmp2MFFFUVNqUW5wS3BUSFB5UzNFdFhMMDlZMWw5MHF0NlJ2MkN5RTZiTGdCdHVEcXhla05OQlJGR0ZoVmNuazV5cldHU2dxbExabW1USWVadll0b0xldVRDbTF4QzlDZzA2NmdKeFduOEx2Rmpkekdxa3MwdExpY1FoUjJCc3c3R2pyRWZhZ2dJZFMyZmZrWWREejlvY3pEbXNibWgzb3NFQkg4dDc1am5JaE1JMmVIM0pMMW0wdGRSUEsyN2E5SXQ2RTJFV3VKSHhqMEtsbmo?oc=5\" target=\"_blank\" rel=\"noopener\">\u00ab C\u2019\u00e9tait le bazar \u00bb : des milliers de clients du Cr\u00e9dit mutuel et du CIC victimes d\u2019une panne<\/a>&nbsp;&nbsp;Ouest-France<\/li>\n<li><a href=\"https:\/\/news.google.com\/rss\/articles\/CBMi7wFBVV95cUxNcW10cnV5LVJ5NGN5eXFMWkdIS1ZrazNpczRlOTB6S3Npc2pXSFJuMzhhSWVHbEhHZXMxUDdtZ1BZcXpKS0JNdENlNW9UckNUMi02emdGNlh0Q2lnN0pnUGlETXJZLU05ZGlneHZtVnhTQlM5eEZOaHI1dHNLbkpFWjZnQWZ3cG5BRU10Q3o4SmsxVF9zbWZvQ2R5Nm16REZSMWR4UnR0cEYtNmQ2TFc5VmtLMjRnbjdxWkxZandXZUJJdnhfdDRSRkQ4UjQxUENNZmpSc0lISWgydVdWaXZCS2NGck05TVNaRG80NGtEYw?oc=5\" target=\"_blank\" rel=\"noopener\">\u00ab\u00a0Des gens \u00e9nerv\u00e9s partout !\u00a0\u00bb : leurs cartes de paiement ne fonctionnent pas, col\u00e8re des clients du Cr\u00e9dit Mutuel et du CIC<\/a>&nbsp;&nbsp;France 3 R\u00e9gions<\/li>\n<li><a href=\"https:\/\/news.google.com\/rss\/articles\/CBMi2AFBVV95cUxQMFRuOEVWNERrandfMlMxdUNTQ3JHM01ocFNrdWtmQW4xUTlXTUs3RGtjZDR1VGFkQzdLZFdNRUc2Z1BWcEVwMkZzcVJIeExWZTk5X1FPaWR3a1hCMWRnZ2UwR0R2SEpjTFgwS0hVV09McF9FUjJaTXlKQ25uVDg1X2oySTRRaUdxZGtCRmhUdGt3Y2hDN0daWHAzRWpuNmZfTmptYzg4S2JsVEYwT2JvRldSRmktdVhheTlqRGluRmkxSGZScWhta0tNenhsS0M1RzZSSFZKeGk?oc=5\" target=\"_blank\" rel=\"noopener\">Un \u00ab dysfonctionnement interne \u00bb a emp\u00each\u00e9 les clients du CIC et du Cr\u00e9dit Mutuel de proc\u00e9der \u00e0 des paiements, ce samedi apr\u00e8s-midi<\/a>&nbsp;&nbsp;Le T\u00e9l\u00e9gramme<\/li>\n<\/ol>\n","protected":false},"excerpt":{"rendered":"Une m\u00e9ga-panne au CIC et au Cr\u00e9dit mutuel perturbe les paiements de leurs clients&nbsp;&nbsp;Lib\u00e9ration Une panne perturbe pendant&hellip;\n","protected":false},"author":2,"featured_media":355312,"comment_status":"","ping_status":"","sticky":false,"template":"","format":"standard","meta":{"footnotes":""},"categories":[2],"tags":[11,14271,523,1208,49126,33,34,4815,4816,590,49127,1011,27,1227,11043,5480,4432,21438,12,25],"class_list":{"0":"post-355311","1":"post","2":"type-post","3":"status-publish","4":"format-standard","5":"has-post-thumbnail","7":"category-actualites","8":"tag-actualites","9":"tag-bank","10":"tag-banque","11":"tag-building","12":"tag-cic","13":"tag-economie","14":"tag-economy","15":"tag-exterieur","16":"tag-facade","17":"tag-finance","18":"tag-financial","19":"tag-fr","20":"tag-france","21":"tag-horizontal","22":"tag-illustration","23":"tag-immeuble","24":"tag-jour","25":"tag-logo","26":"tag-news","27":"tag-republique-francaise"},"share_on_mastodon":{"url":"https:\/\/pubeurope.com\/@fr\/115120263913092751","error":""},"_links":{"self":[{"href":"https:\/\/www.europesays.com\/fr\/wp-json\/wp\/v2\/posts\/355311","targetHints":{"allow":["GET"]}}],"collection":[{"href":"https:\/\/www.europesays.com\/fr\/wp-json\/wp\/v2\/posts"}],"about":[{"href":"https:\/\/www.europesays.com\/fr\/wp-json\/wp\/v2\/types\/post"}],"author":[{"embeddable":true,"href":"https:\/\/www.europesays.com\/fr\/wp-json\/wp\/v2\/users\/2"}],"replies":[{"embeddable":true,"href":"https:\/\/www.europesays.com\/fr\/wp-json\/wp\/v2\/comments?post=355311"}],"version-history":[{"count":0,"href":"https:\/\/www.europesays.com\/fr\/wp-json\/wp\/v2\/posts\/355311\/revisions"}],"wp:featuredmedia":[{"embeddable":true,"href":"https:\/\/www.europesays.com\/fr\/wp-json\/wp\/v2\/media\/355312"}],"wp:attachment":[{"href":"https:\/\/www.europesays.com\/fr\/wp-json\/wp\/v2\/media?parent=355311"}],"wp:term":[{"taxonomy":"category","embeddable":true,"href":"https:\/\/www.europesays.com\/fr\/wp-json\/wp\/v2\/categories?post=355311"},{"taxonomy":"post_tag","embeddable":true,"href":"https:\/\/www.europesays.com\/fr\/wp-json\/wp\/v2\/tags?post=355311"}],"curies":[{"name":"wp","href":"https:\/\/api.w.org\/{rel}","templated":true}]}}