{"id":355313,"date":"2025-08-30T23:16:28","date_gmt":"2025-08-30T23:16:28","guid":{"rendered":"https:\/\/www.europesays.com\/fr\/355313\/"},"modified":"2025-08-30T23:16:28","modified_gmt":"2025-08-30T23:16:28","slug":"coupe-de-france-loudeac-elimine-guingamp-et-file-au-deuxieme-tour","status":"publish","type":"post","link":"https:\/\/www.europesays.com\/fr\/355313\/","title":{"rendered":"Coupe de France\u00a0: Loud\u00e9ac \u00e9limine Guingamp et file au deuxi\u00e8me tour"},"content":{"rendered":"<p>Coupe de France. Loud\u00e9ac &#8211; Guingamp\u00a0: 28 -24<\/p>\n<p>Loud\u00e9ac jouait son premier match de la saison, samedi. C\u2019est face \u00e0 une \u00e9quipe de Nationale 2 qu\u2019ils ont su mener le match. Les Violets ont pu montrer leur efficacit\u00e9 devant leur public venu en nombre afin de les encourager et de donner le ton de la saison. Guingamp, quant \u00e0 lui, n\u2019a pas su tirer leur \u00e9pingle du jeu et a laiss\u00e9 la victoire filer entre les mains de son adversaire. Ce match \u00e9tait l\u2019occasion pour les Loud\u00e9aciens de jouer avec ses nouvelles recrues et ainsi montrer au public l\u2019engagement sportif de cette saison. Ce match a \u00e9galement permis au nouveau coach de Loud\u00e9ac, Antoine Pinard, de pr\u00e9senter ses plans de jeu. Les semaines d\u2019entrainements se sont vues tr\u00e8s fructueuses au vu du r\u00e9sultat de cette rencontre.<\/p>\n<p>\u00ab\u00a0On a un beau projet\u00a0\u00bb<\/p>\n<p>Sur le terrain, les joueurs ont montr\u00e9 leur coh\u00e9sion et leur performance. \u00ab\u00a0On a eu une grosse pr\u00e9pa et on a su g\u00e9rer les temps forts\u00a0\u00bb, confirme Yael Brun, joueur de Loud\u00e9ac. \u00ab\u00a0Pour les matchs \u00e0 venir, on vise la victoire\u00a0\u00bb conclut-il avec conviction. <\/p>\n<p>Antoine Pinard confirme les propos de son joueur\u00a0: \u00ab\u00a0Je suis content, on a bien travaill\u00e9, on a une bonne \u00e9quipe avec un effectif jeune.\u00a0\u00bb Pour la nouvelle recrue, Baptiste Wirth, 21 ans et ailier droit, cette rencontre \u00e9tait l\u2019occasion de rencontrer le public loud\u00e9acien. \u00ab\u00a0C\u2019\u00e9tait tr\u00e8s agr\u00e9able, on a jou\u00e9 vite et on a un beau projet.\u00a0\u00bb Le prochain match sera le 6 septembre contre Chantepie.<\/p>\n<p class=\"titre-tech\">La fiche technique<\/p>\n<p class=\"tech\"><strong class=\"tech\">A<\/strong><strong class=\"tech\">rbitres\u00a0: <\/strong>M. Vincent et M.Mathieu<\/p>\n<p class=\"tech\"><strong class=\"tech\">LOUD\u00c9AC\u00a0:<\/strong> Gaultier Briendo (capitaine) (6 buts), Baptiste Guguin, Noah Kerpherique (1), Samuel Guenno (5), Nicolas Affreingue (5), Yael Brun (2), Joris Ruffault, Sidi baby (2), Math\u00e9o Travers, Baptiste Wirth (5), L\u00e9o Bonjour, Michael Oghiadomhe (2), Maxence Travers, Youenn Le Luduec. <br \/>Entra\u00eeneur\u00a0: Antoine Pinard.<\/p>\n<p class=\"tech\"><strong class=\"tech\">GUINGAMP\u00a0: <\/strong>Baptiste Hamoury (capitaine) (1), Romain Le Bras, Adrien Le Calvez (3), Th\u00e9o Andr\u00e9 (3), Ahmed Tarchoun, Marek Mac\u00e9, Florent Binet (3), Valentin Tellier (7), Victor Mah\u00e9 (1), Titouan Le Guillou, Alexandre Bodennec (3), Stevenn Le Henaff, Quentin Le Berre (1), P\u00e9ran Follet (2). Entraineur\u00a0: Christophe Quive.<\/p>\n","protected":false},"excerpt":{"rendered":"Coupe de France. Loud\u00e9ac &#8211; Guingamp\u00a0: 28 -24 Loud\u00e9ac jouait son premier match de la saison, samedi. C\u2019est&hellip;\n","protected":false},"author":2,"featured_media":355314,"comment_status":"","ping_status":"","sticky":false,"template":"","format":"standard","meta":{"footnotes":""},"categories":[4],"tags":[11,1011,27,4044,1792,2885,12,25,60],"class_list":{"0":"post-355313","1":"post","2":"type-post","3":"status-publish","4":"format-standard","5":"has-post-thumbnail","7":"category-france","8":"tag-actualites","9":"tag-fr","10":"tag-france","11":"tag-guingamp","12":"tag-handball","13":"tag-loudeac","14":"tag-news","15":"tag-republique-francaise","16":"tag-sports"},"share_on_mastodon":{"url":"https:\/\/pubeurope.com\/@fr\/115120267885208161","error":""},"_links":{"self":[{"href":"https:\/\/www.europesays.com\/fr\/wp-json\/wp\/v2\/posts\/355313","targetHints":{"allow":["GET"]}}],"collection":[{"href":"https:\/\/www.europesays.com\/fr\/wp-json\/wp\/v2\/posts"}],"about":[{"href":"https:\/\/www.europesays.com\/fr\/wp-json\/wp\/v2\/types\/post"}],"author":[{"embeddable":true,"href":"https:\/\/www.europesays.com\/fr\/wp-json\/wp\/v2\/users\/2"}],"replies":[{"embeddable":true,"href":"https:\/\/www.europesays.com\/fr\/wp-json\/wp\/v2\/comments?post=355313"}],"version-history":[{"count":0,"href":"https:\/\/www.europesays.com\/fr\/wp-json\/wp\/v2\/posts\/355313\/revisions"}],"wp:featuredmedia":[{"embeddable":true,"href":"https:\/\/www.europesays.com\/fr\/wp-json\/wp\/v2\/media\/355314"}],"wp:attachment":[{"href":"https:\/\/www.europesays.com\/fr\/wp-json\/wp\/v2\/media?parent=355313"}],"wp:term":[{"taxonomy":"category","embeddable":true,"href":"https:\/\/www.europesays.com\/fr\/wp-json\/wp\/v2\/categories?post=355313"},{"taxonomy":"post_tag","embeddable":true,"href":"https:\/\/www.europesays.com\/fr\/wp-json\/wp\/v2\/tags?post=355313"}],"curies":[{"name":"wp","href":"https:\/\/api.w.org\/{rel}","templated":true}]}}