{"id":355315,"date":"2025-08-30T23:17:14","date_gmt":"2025-08-30T23:17:14","guid":{"rendered":"https:\/\/www.europesays.com\/fr\/355315\/"},"modified":"2025-08-30T23:17:14","modified_gmt":"2025-08-30T23:17:14","slug":"celine-boutier-17e-et-seule-francaise-a-faire-le-cut-au-fm-championship-sei-young-kim-en-tete-lequipe","status":"publish","type":"post","link":"https:\/\/www.europesays.com\/fr\/355315\/","title":{"rendered":"C\u00e9line Boutier 17e et seule Fran\u00e7aise \u00e0 faire le cut au FM Championship, Sei Young Kim en t\u00eate &#8211; L&#039;\u00c9quipe"},"content":{"rendered":"<ol>\n<li><a href=\"https:\/\/news.google.com\/rss\/articles\/CBMi1wFBVV95cUxOUmtfcU9JX2xpSDJXanBVV05lcGlwb0ZkdUNPTTVwdVZmNFptcWpZcUs2WElHT0pYNHJTM013OHo4WGY5LS1UZGEtdGpiZTU0Q1NMSnZRdkFFQVlaeEw1dFdRdWtzTWVoTlA3NjhyQThUeENFeGRKZEFzcjNVaTJlU0J2RFF5NFhzQTJhT0xjNDVTcDJ4V2ZidGhWM0FlQmpVYVB6ejBvcTRwMUk1MWpGb2VuRWVJMFhfZHBSbVBFcXdqXzdHRWdLUnNGXzhSZzhRbGdIbGRHaw?oc=5\" target=\"_blank\" rel=\"nofollow noopener\">C\u00e9line Boutier 17e et seule Fran\u00e7aise \u00e0 faire le cut au FM Championship, Sei Young Kim en t\u00eate<\/a>&nbsp;&nbsp;L&rsquo;\u00c9quipe<\/li>\n<li><a href=\"https:\/\/news.google.com\/rss\/articles\/CBMiwgFBVV95cUxONGhsR2N1eVE1YzNQY2FZWVJEUElXVXJlQVVEeDk0M0hSQnZMQVBMeEtnaUw4QmZWTVF3VTZZN0Rkdzc4amFaSkRrVkVYNm9Gb1NDM2o4c192NmV6V0ZEbnVCNjJGdmdYdXoxck9aTGRxb1ZwUmtwV3o0VEt3aWxLa2FVMGVQVEZxb1U1MTBBMFlVV0NGZXZZMUx5RzFOMXU2MVRDOTVKcWtwZWUyQkZzOXAwVW9EeDRPZzlSTlJwVnVCdw?oc=5\" target=\"_blank\" rel=\"nofollow noopener\">Les orages perturbent le jeu \u00e0 Boston, la Chinoise Wang en t\u00eate, Boutier perd du terrain<\/a>&nbsp;&nbsp;Golf Plan\u00e8te<\/li>\n<li><a href=\"https:\/\/news.google.com\/rss\/articles\/CBMingFBVV95cUxObmUwYWNMdlpDdXBZOTB5T2NJaUpzX2FHWEhjMWFIQVJnMlRLajRJakl4ZnpnT3hhYmktVnRCRTRIWTRZdzJvMDRTbUlCVHRZS0FtWmRCcE1RVFpRbnVDYkpxMG45dG5NN0JGdm4tN1hXaS1WMVJHdWV3YTZpTm5oTTNyUFJTSXhaUU1VSGdSYkVXN2ZEYzlqX3VjeGZoQQ?oc=5\" target=\"_blank\" rel=\"nofollow noopener\">Golf professionnel : Boutier toujours bien plac\u00e9e<\/a>&nbsp;&nbsp;F\u00e9d\u00e9ration Fran\u00e7aise de Golf<\/li>\n<li><a href=\"https:\/\/news.google.com\/rss\/articles\/CBMi5gFBVV95cUxQdHB6aFZuVGU1WU1wc3d5ZU5tQ0JRSFQ3VjdyTEUxLVBWUmNfXzZNOW1CSzUyYXJMRFpoWXVMbXpEVEEzWVRBeXM2RmU3NlE0V0JLZ2Z2TTlMYTdXVklKaE1ycXgzSjE3enVWQmo5X2ZNWVZUbUw4MHhkOGxfZmwtV2wzOGVUTTdxWG5HOE40QkpmS01BMGc5V0Q0dGpLdzhGZmRHZDNwTDhOS1UzTEMwczFOWWg1bVh0aS1aMl9ia3hnU25ObWZUeFVfUXZocXZwOU1Yb1VJVTNHOXFiYzQzZEZ5WmVyZw?oc=5\" target=\"_blank\" rel=\"nofollow noopener\">Les reines de la discipline sont de retour aux USA: suivez le FM Championship de golf en direct sur RTL<\/a>&nbsp;&nbsp;RTL info<\/li>\n<li><a href=\"https:\/\/news.google.com\/rss\/articles\/CBMi2wFBVV95cUxOaXNNUmVHMVIwS3ZrcS1pdjBSallMSVhsT3RqVnJkUlgyaHE1Z2c1cFp4d2xvb0ZseVNVQndmWXZaa2tia3hJNnp1ajVqNGhaTi1GZEdMdE4wdk5pb05NcTZSSkRpaklVdThNNnlrTENiVm1mT1JzSUNlMHhmWE1SMHJwSWxuVEJSb2l0MVlZU2F6X2hVVzhINUFaaGc2M0NMVXpWVXB5RmE5LVg0ejk2Z2JHRlJLWVFGVjdNcXYyZV9kLTBhM3lHOHdtSFBDdXpucUlUVERfRDdaR2c?oc=5\" target=\"_blank\" rel=\"nofollow noopener\">LPGA Tour &#8211; Manon De Roey ne passe pas le cut au FM Championship<\/a>&nbsp;&nbsp;La Libre.be<\/li>\n<\/ol>\n","protected":false},"excerpt":{"rendered":"C\u00e9line Boutier 17e et seule Fran\u00e7aise \u00e0 faire le cut au FM Championship, Sei Young Kim en t\u00eate&nbsp;&nbsp;L&rsquo;\u00c9quipe&hellip;\n","protected":false},"author":2,"featured_media":355316,"comment_status":"","ping_status":"","sticky":false,"template":"","format":"standard","meta":{"footnotes":""},"categories":[1418],"tags":[1011,27,1472,60],"class_list":{"0":"post-355315","1":"post","2":"type-post","3":"status-publish","4":"format-standard","5":"has-post-thumbnail","7":"category-golf","8":"tag-fr","9":"tag-france","10":"tag-golf","11":"tag-sports"},"share_on_mastodon":{"url":"https:\/\/pubeurope.com\/@fr\/115120271725191039","error":""},"_links":{"self":[{"href":"https:\/\/www.europesays.com\/fr\/wp-json\/wp\/v2\/posts\/355315","targetHints":{"allow":["GET"]}}],"collection":[{"href":"https:\/\/www.europesays.com\/fr\/wp-json\/wp\/v2\/posts"}],"about":[{"href":"https:\/\/www.europesays.com\/fr\/wp-json\/wp\/v2\/types\/post"}],"author":[{"embeddable":true,"href":"https:\/\/www.europesays.com\/fr\/wp-json\/wp\/v2\/users\/2"}],"replies":[{"embeddable":true,"href":"https:\/\/www.europesays.com\/fr\/wp-json\/wp\/v2\/comments?post=355315"}],"version-history":[{"count":0,"href":"https:\/\/www.europesays.com\/fr\/wp-json\/wp\/v2\/posts\/355315\/revisions"}],"wp:featuredmedia":[{"embeddable":true,"href":"https:\/\/www.europesays.com\/fr\/wp-json\/wp\/v2\/media\/355316"}],"wp:attachment":[{"href":"https:\/\/www.europesays.com\/fr\/wp-json\/wp\/v2\/media?parent=355315"}],"wp:term":[{"taxonomy":"category","embeddable":true,"href":"https:\/\/www.europesays.com\/fr\/wp-json\/wp\/v2\/categories?post=355315"},{"taxonomy":"post_tag","embeddable":true,"href":"https:\/\/www.europesays.com\/fr\/wp-json\/wp\/v2\/tags?post=355315"}],"curies":[{"name":"wp","href":"https:\/\/api.w.org\/{rel}","templated":true}]}}