{"id":355317,"date":"2025-08-30T23:19:09","date_gmt":"2025-08-30T23:19:09","guid":{"rendered":"https:\/\/www.europesays.com\/fr\/355317\/"},"modified":"2025-08-30T23:19:09","modified_gmt":"2025-08-30T23:19:09","slug":"apres-avoir-purge-sa-suspension-et-pouponne-pauline-bourdon-sansus-est-de-retour-et-elle-a-du-feu-dans-les-jambes","status":"publish","type":"post","link":"https:\/\/www.europesays.com\/fr\/355317\/","title":{"rendered":"Apr\u00e8s avoir purg\u00e9 sa suspension et pouponn\u00e9, Pauline Bourdon\u00a0Sansus est de retour et elle a \u00ab\u00a0du feu dans les jambes\u00a0\u00bb"},"content":{"rendered":"\n<p>\n            Rugby,\n        <\/p>\n<p>\n            Coupe du monde (F)\n        <\/p>\n<p> abonn\u00e9<\/p>\n<p>Apr\u00e8s avoir purg\u00e9 sa suspension et pouponn\u00e9, Pauline Bourdon\u00a0Sansus est de retour et elle a \u00ab\u00a0du feu dans les jambes\u00a0\u00bb<\/p>\n<p>La demie de m\u00eal\u00e9e des Bleues d\u00e9marre sa comp\u00e9tition face au Br\u00e9sil ce dimanche \u00e0 Exeter (17\u00a0h\u00a045). Rest\u00e9e trois mois sans jouer en raison d&rsquo;une suspension de deux matches pour avoir critiqu\u00e9 l&rsquo;arbitrage, maman depuis juillet, la joueuse de Toulouse attaque la rentr\u00e9e avec l&rsquo;envie de tout renverser.<\/p>\n","protected":false},"excerpt":{"rendered":"Rugby, Coupe du monde (F) abonn\u00e9 Apr\u00e8s avoir purg\u00e9 sa suspension et pouponn\u00e9, Pauline Bourdon\u00a0Sansus est de retour&hellip;\n","protected":false},"author":2,"featured_media":355318,"comment_status":"","ping_status":"","sticky":false,"template":"","format":"standard","meta":{"footnotes":""},"categories":[1416],"tags":[1011,27,479,1468,60],"class_list":{"0":"post-355317","1":"post","2":"type-post","3":"status-publish","4":"format-standard","5":"has-post-thumbnail","7":"category-rugby","8":"tag-fr","9":"tag-france","10":"tag-rugby","11":"tag-rugby-football","12":"tag-sports"},"share_on_mastodon":{"url":"https:\/\/pubeurope.com\/@fr\/115120279591744199","error":""},"_links":{"self":[{"href":"https:\/\/www.europesays.com\/fr\/wp-json\/wp\/v2\/posts\/355317","targetHints":{"allow":["GET"]}}],"collection":[{"href":"https:\/\/www.europesays.com\/fr\/wp-json\/wp\/v2\/posts"}],"about":[{"href":"https:\/\/www.europesays.com\/fr\/wp-json\/wp\/v2\/types\/post"}],"author":[{"embeddable":true,"href":"https:\/\/www.europesays.com\/fr\/wp-json\/wp\/v2\/users\/2"}],"replies":[{"embeddable":true,"href":"https:\/\/www.europesays.com\/fr\/wp-json\/wp\/v2\/comments?post=355317"}],"version-history":[{"count":0,"href":"https:\/\/www.europesays.com\/fr\/wp-json\/wp\/v2\/posts\/355317\/revisions"}],"wp:featuredmedia":[{"embeddable":true,"href":"https:\/\/www.europesays.com\/fr\/wp-json\/wp\/v2\/media\/355318"}],"wp:attachment":[{"href":"https:\/\/www.europesays.com\/fr\/wp-json\/wp\/v2\/media?parent=355317"}],"wp:term":[{"taxonomy":"category","embeddable":true,"href":"https:\/\/www.europesays.com\/fr\/wp-json\/wp\/v2\/categories?post=355317"},{"taxonomy":"post_tag","embeddable":true,"href":"https:\/\/www.europesays.com\/fr\/wp-json\/wp\/v2\/tags?post=355317"}],"curies":[{"name":"wp","href":"https:\/\/api.w.org\/{rel}","templated":true}]}}