{"id":355319,"date":"2025-08-30T23:20:09","date_gmt":"2025-08-30T23:20:09","guid":{"rendered":"https:\/\/www.europesays.com\/fr\/355319\/"},"modified":"2025-08-30T23:20:09","modified_gmt":"2025-08-30T23:20:09","slug":"us-open-lincroyable-histoire-de-leandro-riedi-435e-mondial-et-qualifie-en-huitiemes-de-finale","status":"publish","type":"post","link":"https:\/\/www.europesays.com\/fr\/355319\/","title":{"rendered":"US Open > L&rsquo;incroyable histoire de Leandro Riedi, 435e mondial et qualifi\u00e9 en huiti\u00e8mes de finale"},"content":{"rendered":"<p>C\u2019est sans aucun doute l\u2019\u00e9norme surprise de cette \u00e9dition 2025 de l\u2019US Open dans le tableau masculin.\u00a0<\/p>\n<p>Leandro Riedi, 435e mondial, et qui a utilis\u00e9 un clas\u00adse\u00adment prot\u00e9g\u00e9 pour int\u00e9\u00adgrer le tableau des quali\u00adfi\u00adca\u00adtions du Grand Chelem new\u2010yorkais, s\u2019est qualifi\u00e9 ce samedi pour les huiti\u00e8mes de finale apr\u00e8s un petit coup du\u00a0sort.<\/p>\n<p>D\u00e9j\u00e0 tombeur de Pedro Martinez et Francisco Cerundolo, le Suisse a profit\u00e9 de l\u2019abandon du Polonais Kamil Majchrzak apr\u00e8s seule\u00adment 30\u202fminutes de jeu (5\u22123). Une quali\u00adfi\u00adca\u00adtion qui lui permet de r\u00e9aliser la meilleure perfor\u00admance sa carri\u00e8re en Grand Chelem et de glaner pr\u00e8s de 200 places au clas\u00adse\u00adment ATP (196 jusqu\u2019\u00e0 pr\u00e9sent).\u00a0<\/p>\n<p>Pour pour\u00adsuivre ce r\u00eave \u00e9veill\u00e9, Leandro devra battre le vain\u00adqueur du duel entre Alex De Minaur et Daniel Altmaier. Pas une mince affaire.\u00a0<\/p>\n<p class=\"post-published-date\" style=\"color: silver; font-size: 75%; text-align: left;\">Publi\u00e9 le samedi 30 ao\u00fbt 2025 \u00e0 22:37<\/p>\n","protected":false},"excerpt":{"rendered":"C\u2019est sans aucun doute l\u2019\u00e9norme surprise de cette \u00e9dition 2025 de l\u2019US Open dans le tableau masculin.\u00a0 Leandro&hellip;\n","protected":false},"author":2,"featured_media":355320,"comment_status":"","ping_status":"","sticky":false,"template":"","format":"standard","meta":{"footnotes":""},"categories":[1415],"tags":[8081,1011,27,60,1467],"class_list":{"0":"post-355319","1":"post","2":"type-post","3":"status-publish","4":"format-standard","5":"has-post-thumbnail","7":"category-tennis","8":"tag-de-minaur","9":"tag-fr","10":"tag-france","11":"tag-sports","12":"tag-tennis"},"share_on_mastodon":{"url":"https:\/\/pubeurope.com\/@fr\/115120283531720416","error":""},"_links":{"self":[{"href":"https:\/\/www.europesays.com\/fr\/wp-json\/wp\/v2\/posts\/355319","targetHints":{"allow":["GET"]}}],"collection":[{"href":"https:\/\/www.europesays.com\/fr\/wp-json\/wp\/v2\/posts"}],"about":[{"href":"https:\/\/www.europesays.com\/fr\/wp-json\/wp\/v2\/types\/post"}],"author":[{"embeddable":true,"href":"https:\/\/www.europesays.com\/fr\/wp-json\/wp\/v2\/users\/2"}],"replies":[{"embeddable":true,"href":"https:\/\/www.europesays.com\/fr\/wp-json\/wp\/v2\/comments?post=355319"}],"version-history":[{"count":0,"href":"https:\/\/www.europesays.com\/fr\/wp-json\/wp\/v2\/posts\/355319\/revisions"}],"wp:featuredmedia":[{"embeddable":true,"href":"https:\/\/www.europesays.com\/fr\/wp-json\/wp\/v2\/media\/355320"}],"wp:attachment":[{"href":"https:\/\/www.europesays.com\/fr\/wp-json\/wp\/v2\/media?parent=355319"}],"wp:term":[{"taxonomy":"category","embeddable":true,"href":"https:\/\/www.europesays.com\/fr\/wp-json\/wp\/v2\/categories?post=355319"},{"taxonomy":"post_tag","embeddable":true,"href":"https:\/\/www.europesays.com\/fr\/wp-json\/wp\/v2\/tags?post=355319"}],"curies":[{"name":"wp","href":"https:\/\/api.w.org\/{rel}","templated":true}]}}