{"id":355321,"date":"2025-08-30T23:22:12","date_gmt":"2025-08-30T23:22:12","guid":{"rendered":"https:\/\/www.europesays.com\/fr\/355321\/"},"modified":"2025-08-30T23:22:12","modified_gmt":"2025-08-30T23:22:12","slug":"motogp-marco-bezzecchi-met-bagnaia-sous-pression-la-troisieme-place-du-championnat-nest-plus-qua-31-points","status":"publish","type":"post","link":"https:\/\/www.europesays.com\/fr\/355321\/","title":{"rendered":"MotoGP, Marco Bezzecchi met Bagnaia sous pression : la troisi\u00e8me place du championnat n\u2019est plus qu\u2019\u00e0 31 points"},"content":{"rendered":"<p><strong>Marco Bezzecchi continue de grignoter sur Francesco<br \/>\nPecco Bagnaia au championnat, et la tension monte chez Ducati. Le<br \/>\npilote Aprilia, imp\u00e9rial depuis Silverstone, a sign\u00e9 un cinqui\u00e8me<br \/>\npodium cons\u00e9cutif en Hongrie et r\u00e9duit l\u2019\u00e9cart avec son ami de<br \/>\ntoujours \u00e0 seulement 31 points.<\/strong><\/p>\n<p>Auteur d\u2019un d\u00e9part canon, <strong>Bezzecchi<\/strong> a men\u00e9 les<br \/>\ndix premiers tours du <a href=\"https:\/\/www.paddock-gp.com\/motogp-hongrie-course-live\/\" target=\"_blank\" rel=\"noopener\"><strong>Grand<br \/>\nPrix de Hongrie<\/strong><\/a> avant de c\u00e9der face au duo intouchable<br \/>\n<strong>Marc Marquez<\/strong> \u2013 <strong>Pedro Acosta<\/strong>. La<br \/>\ntroisi\u00e8me marche du podium lui suffit pourtant pour faire une<br \/>\nexcellente op\u00e9ration : <strong>Bagnaia<\/strong>, neuvi\u00e8me<br \/>\nseulement, perd encore du terrain.<\/p>\n<p>Au cours des trois derni\u00e8res courses <a href=\"https:\/\/www.motogp.com\/en\" target=\"_blank\" rel=\"noopener\">MotoGP<\/a>, <strong>Bezzecchi<\/strong><br \/>\na repris 36 points \u00e0 son compatriote. L\u2019\u00e9cart est d\u00e9sormais<br \/>\n<strong>inf\u00e9rieur aux 37 points qu\u2019un seul week-end peut<br \/>\nrapporter<\/strong>. <strong>Bagnaia<\/strong> est donc<br \/>\nofficiellement \u00e0 port\u00e9e de tir.<\/p>\n<p>Interrog\u00e9 apr\u00e8s sa performance, le pilote<br \/>\n<strong>Aprilia<\/strong> a jou\u00e9 la carte du calme : \u00ab apr\u00e8s<br \/>\nchaque week-end de course, on rentre chez soi et on observe la<br \/>\nsituation. Mais pour l\u2019instant, <strong>ce n\u2019est pas mon objectif<br \/>\nprincipal<\/strong>. \u00bb<\/p>\n<p><img decoding=\"async\" class=\"aligncenter\" src=\"https:\/\/www.europesays.com\/fr\/wp-content\/uploads\/2025\/08\/GyxjGHsWQAE-Dw9\" alt=\"Image\"\/><\/p>\n<p><strong>Le plan de Marco Bezzecchi<br \/>\n: penser 2026, pas la troisi\u00e8me place<\/strong><\/p>\n<p>S\u2019il admet qu\u2019un top 3 final serait un joli bonus,<br \/>\n<strong>Bezzecchi<\/strong> insiste sur ce qui compte vraiment pour<br \/>\nlui :<\/p>\n<p>\u00ab Bien s\u00fbr, si je peux atteindre la troisi\u00e8me place, c\u2019est<br \/>\ns\u00fbr que ce sera mieux. Mais ce sur quoi je me concentre, c\u2019est de<br \/>\n<strong>continuer dans cette voie<\/strong>, d\u2019essayer d\u2019am\u00e9liorer<br \/>\nla moto et de <strong>construire une base solide pour la saison<br \/>\nprochaine<\/strong>. Ce sont mes principales cibles. \u00bb<\/p>\n<p><a href=\"https:\/\/www.paddock-gp.com\/motogp-dani-pedrosa-decortique-marquez-acosta-martin-et-bagnaia-le-professeur-donne-sa-lecon\/\" target=\"_blank\" rel=\"noopener\"><br \/>\n<strong>Pedro Acosta<\/strong><\/a>, deuxi\u00e8me en<br \/>\n<strong>Hongrie<\/strong>, remonte \u00e0 la quatri\u00e8me place du<br \/>\nchampionnat. Mais malgr\u00e9 son \u00e9clat, il ne reprend qu\u2019un point \u00e0<br \/>\n<strong>Bezzecchi<\/strong> et reste encore \u00e0 33 longueurs derri\u00e8re<br \/>\nle pilote RS-GP.<\/p>\n<p><strong>Bagnaia<\/strong>, lui, voit l\u2019\u00e9cart se creuser : il est<br \/>\nd\u00e9sormais \u00e0 <strong>52 points d\u2019Alex Marquez<\/strong>, solide<br \/>\ndauphin, et bien loin de <a href=\"https:\/\/www.paddock-gp.com\/motogp-marc-marquez-fait-de-lombre-a-ducati-mais-qui-a-dit-ca\/\" target=\"_blank\" rel=\"noopener\"><br \/>\n<strong>Marc Marquez<\/strong><\/a>, qui continue de planer sur la<br \/>\nsaison avec <strong>175<\/strong> points d\u2019avance.<\/p>\n<p>On dirait que <strong>Bezzecchi<\/strong> s\u2019est trouv\u00e9 un nouvel<br \/>\nobjectif implicite : battre <strong>Bagnaia<\/strong>, son pote et<br \/>\nex-r\u00e9f\u00e9rence, pour s\u2019installer comme le vrai troisi\u00e8me homme du<br \/>\n<a href=\"https:\/\/www.paddock-gp.com\/motogp-hongrie-championnat-un-nouveau-triomphe-pour-marc-marquez-et-une-marche-implacable-vers-le-titre\/\" target=\"_blank\" rel=\"noopener\"><br \/>\n<strong>championnat<\/strong><\/a> derri\u00e8re les fr\u00e8res<br \/>\n<strong>Marquez<\/strong>.<\/p>\n<p><img loading=\"lazy\" decoding=\"async\" class=\"aligncenter size-full wp-image-1323975\" src=\"https:\/\/www.europesays.com\/fr\/wp-content\/uploads\/2025\/08\/Marco-Bezzecchi-.jpg\" alt=\"Marco Bezzecchi \" width=\"677\" height=\"360\"  \/><\/p>\n","protected":false},"excerpt":{"rendered":"Marco Bezzecchi continue de grignoter sur Francesco Pecco Bagnaia au championnat, et la tension monte chez Ducati. Le&hellip;\n","protected":false},"author":2,"featured_media":355322,"comment_status":"","ping_status":"","sticky":false,"template":"","format":"standard","meta":{"footnotes":""},"categories":[1413],"tags":[1011,27,1457,1456,60],"class_list":{"0":"post-355321","1":"post","2":"type-post","3":"status-publish","4":"format-standard","5":"has-post-thumbnail","7":"category-moto","8":"tag-fr","9":"tag-france","10":"tag-moto","11":"tag-motocycle","12":"tag-sports"},"share_on_mastodon":{"url":"https:\/\/pubeurope.com\/@fr\/115120292081519415","error":""},"_links":{"self":[{"href":"https:\/\/www.europesays.com\/fr\/wp-json\/wp\/v2\/posts\/355321","targetHints":{"allow":["GET"]}}],"collection":[{"href":"https:\/\/www.europesays.com\/fr\/wp-json\/wp\/v2\/posts"}],"about":[{"href":"https:\/\/www.europesays.com\/fr\/wp-json\/wp\/v2\/types\/post"}],"author":[{"embeddable":true,"href":"https:\/\/www.europesays.com\/fr\/wp-json\/wp\/v2\/users\/2"}],"replies":[{"embeddable":true,"href":"https:\/\/www.europesays.com\/fr\/wp-json\/wp\/v2\/comments?post=355321"}],"version-history":[{"count":0,"href":"https:\/\/www.europesays.com\/fr\/wp-json\/wp\/v2\/posts\/355321\/revisions"}],"wp:featuredmedia":[{"embeddable":true,"href":"https:\/\/www.europesays.com\/fr\/wp-json\/wp\/v2\/media\/355322"}],"wp:attachment":[{"href":"https:\/\/www.europesays.com\/fr\/wp-json\/wp\/v2\/media?parent=355321"}],"wp:term":[{"taxonomy":"category","embeddable":true,"href":"https:\/\/www.europesays.com\/fr\/wp-json\/wp\/v2\/categories?post=355321"},{"taxonomy":"post_tag","embeddable":true,"href":"https:\/\/www.europesays.com\/fr\/wp-json\/wp\/v2\/tags?post=355321"}],"curies":[{"name":"wp","href":"https:\/\/api.w.org\/{rel}","templated":true}]}}