{"id":355325,"date":"2025-08-30T23:24:19","date_gmt":"2025-08-30T23:24:19","guid":{"rendered":"https:\/\/www.europesays.com\/fr\/355325\/"},"modified":"2025-08-30T23:24:19","modified_gmt":"2025-08-30T23:24:19","slug":"presentation-de-la-9%e1%b5%89-etape-de-la-vuelta","status":"publish","type":"post","link":"https:\/\/www.europesays.com\/fr\/355325\/","title":{"rendered":"Pr\u00e9sentation de la 9\u1d49 \u00e9tape de La Vuelta"},"content":{"rendered":"<p style=\"text-align: justify;\"><strong>Nouvelle arriv\u00e9e au sommet pour conclure cette premi\u00e8re semaine. Voici la pr\u00e9sentation de la 9\u1d49 \u00e9tape de La Vuelta 2025.\u00a0<\/strong><\/p>\n<p style=\"text-align: justify;\">Fernando Escartin : Longue \u00e9tape pour cl\u00f4turer la premi\u00e8re semaine de course. Le profil plat de l\u2019\u00e9tape pourrait favoriser une \u00e9chapp\u00e9e qui offrirait une avance suffisante pour lutter pour la victoire. L\u2019un des favoris pourrait tenter de creuser un petit \u00e9cart dans la mont\u00e9e finale vers la station de ski de Valdezcaray.<\/p>\n<p><img fetchpriority=\"high\" decoding=\"async\" class=\"alignleft size-full wp-image-180878\" src=\"data:image\/svg+xml,%3Csvg%20xmlns=\" http:=\"\" alt=\"\" width=\"960\" height=\"445\" data-lazy- data-lazy- data-lazy-src=\"https:\/\/www.europesays.com\/fr\/wp-content\/uploads\/2025\/08\/E9-Vuelta-2025.jpeg\"\/><\/p>\n<p><strong>D\u00e9part fictif :\u00a0<\/strong>12 h 20<\/p>\n<p><strong>Arriv\u00e9e pr\u00e9visionnelle :<\/strong> 17 h 16<\/p>\n<p><strong>Nos favoris : <\/strong><a href=\"https:\/\/www.velo101.com\/courses\/la-vuelta\/jay-vine-vainqueur-de-la-6eme-etape-de-la-vuelta\/\" rel=\"nofollow noopener\" target=\"_blank\">Jay Vine,<\/a> Ben Tulett, Orluis Aular, Victor Langellotti, Finn Fisher-Black.<\/p>\n<p><strong>Comment suivre l\u2019\u00e9tape ?<\/strong> D\u00e8s 14 h 45 sur Eurosport 1.<\/p>\n<p><img loading=\"lazy\" decoding=\"async\" aria-describedby=\"caption-attachment-184657\" class=\"wp-image-184657 size-full\" src=\"data:image\/svg+xml,%3Csvg%20xmlns=\" http:=\"\" alt=\"\" width=\"2048\" height=\"1366\" data-lazy- data-lazy- data-lazy-src=\"https:\/\/www.europesays.com\/fr\/wp-content\/uploads\/2025\/08\/V9.jpg\"\/><\/p>\n<p id=\"caption-attachment-184657\" class=\"wp-caption-text\">Cr\u00e9dit : La Vuelta <\/p>\n","protected":false},"excerpt":{"rendered":"Nouvelle arriv\u00e9e au sommet pour conclure cette premi\u00e8re semaine. Voici la pr\u00e9sentation de la 9\u1d49 \u00e9tape de La&hellip;\n","protected":false},"author":2,"featured_media":355326,"comment_status":"","ping_status":"","sticky":false,"template":"","format":"standard","meta":{"footnotes":""},"categories":[1411],"tags":[1154,207,1011,27,60],"class_list":{"0":"post-355325","1":"post","2":"type-post","3":"status-publish","4":"format-standard","5":"has-post-thumbnail","7":"category-cyclisme","8":"tag-cycling","9":"tag-cyclisme","10":"tag-fr","11":"tag-france","12":"tag-sports"},"share_on_mastodon":{"url":"https:\/\/pubeurope.com\/@fr\/115120299404351755","error":""},"_links":{"self":[{"href":"https:\/\/www.europesays.com\/fr\/wp-json\/wp\/v2\/posts\/355325","targetHints":{"allow":["GET"]}}],"collection":[{"href":"https:\/\/www.europesays.com\/fr\/wp-json\/wp\/v2\/posts"}],"about":[{"href":"https:\/\/www.europesays.com\/fr\/wp-json\/wp\/v2\/types\/post"}],"author":[{"embeddable":true,"href":"https:\/\/www.europesays.com\/fr\/wp-json\/wp\/v2\/users\/2"}],"replies":[{"embeddable":true,"href":"https:\/\/www.europesays.com\/fr\/wp-json\/wp\/v2\/comments?post=355325"}],"version-history":[{"count":0,"href":"https:\/\/www.europesays.com\/fr\/wp-json\/wp\/v2\/posts\/355325\/revisions"}],"wp:featuredmedia":[{"embeddable":true,"href":"https:\/\/www.europesays.com\/fr\/wp-json\/wp\/v2\/media\/355326"}],"wp:attachment":[{"href":"https:\/\/www.europesays.com\/fr\/wp-json\/wp\/v2\/media?parent=355325"}],"wp:term":[{"taxonomy":"category","embeddable":true,"href":"https:\/\/www.europesays.com\/fr\/wp-json\/wp\/v2\/categories?post=355325"},{"taxonomy":"post_tag","embeddable":true,"href":"https:\/\/www.europesays.com\/fr\/wp-json\/wp\/v2\/tags?post=355325"}],"curies":[{"name":"wp","href":"https:\/\/api.w.org\/{rel}","templated":true}]}}