{"id":355327,"date":"2025-08-30T23:25:10","date_gmt":"2025-08-30T23:25:10","guid":{"rendered":"https:\/\/www.europesays.com\/fr\/355327\/"},"modified":"2025-08-30T23:25:10","modified_gmt":"2025-08-30T23:25:10","slug":"un-attaquant-renvoye-durgence-dans-son-pays","status":"publish","type":"post","link":"https:\/\/www.europesays.com\/fr\/355327\/","title":{"rendered":"un attaquant renvoy\u00e9 d&rsquo;urgence dans son pays"},"content":{"rendered":"<p><strong>L\u2019AS Monaco a envoy\u00e9 d\u2019urgence un attaquant au PSV, apr\u00e8s que le club n\u00e9erlandais ait perdu le Fran\u00e7ais Alassane Pl\u00e9a.<\/strong><\/p>\n<p>Le <a href=\"https:\/\/www.les-transferts.com\/club\/psv-eindhoven\/\" target=\"_blank\" rel=\"noreferrer noopener nofollow\">PSV<\/a> annonce le transfert de <a href=\"https:\/\/www.les-transferts.com\/joueur\/myron-boadu\/\" rel=\"nofollow noopener\" target=\"_blank\">Myron Boadu<\/a>. L\u2019attaquant de 24 ans rejoint le club d\u2019Eindhoven de <a href=\"https:\/\/www.les-transferts.com\/club\/monaco\/actualite\/\" rel=\"nofollow noopener\" target=\"_blank\">Monaco<\/a>.<\/p>\n<p>Boadu retourne dans son pays<\/p>\n<p>Avec Boadu, le PSV dispose d\u2019un attaquant suppl\u00e9mentaire recherch\u00e9, apr\u00e8s <a href=\"https:\/\/www.les-transferts.com\/rumeurs-transferts\/triste-un-attaquant-francais-forfait-pour-la-moitie-de-la-saison\/\" target=\"_blank\" rel=\"noreferrer noopener nofollow\">la blessure d\u2019Alassane Pl\u00e9a<\/a>. <strong>La nouvelle recrue a sign\u00e9 un contrat jusqu\u2019\u00e0 mi-2026, avec une option pour une saison.<\/strong><\/p>\n<p>\u00ab C\u2019est un honneur d\u2019\u00eatre ici. Si ce club, et le champion des Pays-Bas, frappe \u00e0 votre porte, je pense qu\u2019il faut toujours prendre le premier vol. C\u2019est une \u00e9quipe pleine de qualit\u00e9, et cela se refl\u00e8te dans l\u2019entra\u00eeneur \u00bb, a d\u00e9clar\u00e9 Boadu via les canaux officiels du PSV.<\/p>\n<\/p>\n<p><strong>C\u2019est un retour aux Pays-Bas pour Boadu. <\/strong>Il avait \u00e9t\u00e9 transf\u00e9r\u00e9 de l\u2019AZ (club d\u2019Eredivisie) \u00e0 l\u2019AS Monaco en 2021.<\/p>\n<p>Premier fan des \u00e9quipes adverses du Bar\u00e7a, je suis un passionn\u00e9 des rivalit\u00e9s entre clubs. Ancien pr\u00e9sentateur de news et d\u2019\u00e9missions sportives, je fais partie des milliers de journalistes amoureux du foot qui s\u2019efforcent d\u2019\u00eatre objectifs dans le traitement des informations.<\/p>\n","protected":false},"excerpt":{"rendered":"L\u2019AS Monaco a envoy\u00e9 d\u2019urgence un attaquant au PSV, apr\u00e8s que le club n\u00e9erlandais ait perdu le Fran\u00e7ais&hellip;\n","protected":false},"author":2,"featured_media":355328,"comment_status":"","ping_status":"","sticky":false,"template":"","format":"standard","meta":{"footnotes":""},"categories":[1410],"tags":[63,1011,27,60],"class_list":{"0":"post-355327","1":"post","2":"type-post","3":"status-publish","4":"format-standard","5":"has-post-thumbnail","7":"category-football","8":"tag-football","9":"tag-fr","10":"tag-france","11":"tag-sports"},"share_on_mastodon":{"url":"https:\/\/pubeurope.com\/@fr\/115120303336651792","error":""},"_links":{"self":[{"href":"https:\/\/www.europesays.com\/fr\/wp-json\/wp\/v2\/posts\/355327","targetHints":{"allow":["GET"]}}],"collection":[{"href":"https:\/\/www.europesays.com\/fr\/wp-json\/wp\/v2\/posts"}],"about":[{"href":"https:\/\/www.europesays.com\/fr\/wp-json\/wp\/v2\/types\/post"}],"author":[{"embeddable":true,"href":"https:\/\/www.europesays.com\/fr\/wp-json\/wp\/v2\/users\/2"}],"replies":[{"embeddable":true,"href":"https:\/\/www.europesays.com\/fr\/wp-json\/wp\/v2\/comments?post=355327"}],"version-history":[{"count":0,"href":"https:\/\/www.europesays.com\/fr\/wp-json\/wp\/v2\/posts\/355327\/revisions"}],"wp:featuredmedia":[{"embeddable":true,"href":"https:\/\/www.europesays.com\/fr\/wp-json\/wp\/v2\/media\/355328"}],"wp:attachment":[{"href":"https:\/\/www.europesays.com\/fr\/wp-json\/wp\/v2\/media?parent=355327"}],"wp:term":[{"taxonomy":"category","embeddable":true,"href":"https:\/\/www.europesays.com\/fr\/wp-json\/wp\/v2\/categories?post=355327"},{"taxonomy":"post_tag","embeddable":true,"href":"https:\/\/www.europesays.com\/fr\/wp-json\/wp\/v2\/tags?post=355327"}],"curies":[{"name":"wp","href":"https:\/\/api.w.org\/{rel}","templated":true}]}}