{"id":355345,"date":"2025-08-30T23:34:13","date_gmt":"2025-08-30T23:34:13","guid":{"rendered":"https:\/\/www.europesays.com\/fr\/355345\/"},"modified":"2025-08-30T23:34:13","modified_gmt":"2025-08-30T23:34:13","slug":"il-ne-faut-pas-que-jy-pense-a-97-ans-line-renaud-partage-son-plus-grand-regret","status":"publish","type":"post","link":"https:\/\/www.europesays.com\/fr\/355345\/","title":{"rendered":"\u201cIl ne faut pas que j\u2019y pense\u201d : \u00e0 97 ans, Line Renaud partage son plus grand regret"},"content":{"rendered":"<p>            <img loading=\"lazy\" decoding=\"async\" src=\"https:\/\/www.europesays.com\/fr\/wp-content\/uploads\/2025\/04\/145-6602e1ce8ddc4-35x35-1.jpg\" class=\"author-article-picture\" width=\"35\" height=\"35\"\/><\/p>\n<p>                Par<br \/>\n                                    <a class=\"author-article-bio-link\" href=\"https:\/\/www.purepeople.com\/auteur\/lucie-gosselin_a145\" rel=\"nofollow noopener\" target=\"_blank\">Lucie Gosselin<\/a><br \/>\n                                                    | R\u00e9dactrice<\/p>\n<p>\n                Journaliste passionn\u00e9e, depuis plus de 10 ans, je r\u00e9alise des enqu\u00eates, des portraits, des reportages ou des interviews.\n            <\/p>\n<p>\n    Line Renaud a c\u00e9l\u00e9br\u00e9 ses 97 ans. Engag\u00e9e pour le Sidaction et la fin de vie, la com\u00e9dienne continue aussi les tournages. En interview sur TF1 ce 30 ao\u00fbt 2025, elle s&rsquo;est dite tr\u00e8s heureuse et chanceuse, mais elle a partag\u00e9 un gros manque dans sa vie. Des mots qui touchent droit au c\u0153ur.\n<\/p>\n<p>                            <img loading=\"lazy\" decoding=\"async\" class=\"player-thumbnail\" src=\"https:\/\/www.europesays.com\/fr\/wp-content\/uploads\/2025\/08\/a02c485f6fb93d58-580x326-1.jpg\" width=\"580\" height=\"326\"\/><\/p>\n<p>                    \u201cIl ne faut pas que j\u2019y pense\u201d : \u00e0 97 ans, Line Renaud partage son plus grand regret<\/p>\n<p>La suite apr\u00e8s la publicit\u00e9<\/p>\n<p><a href=\"https:\/\/www.purepeople.com\/people\/line-renaud_p252\" rel=\"nofollow noopener\" target=\"_blank\">Line Renaud<\/a> le dit haut et fort : aller mieux, \u201cce serait ind\u00e9cent\u201d ! Pourtant, la com\u00e9dienne s\u2019est laiss\u00e9e aller \u00e0 <strong>des confidences touchantes lors de son portrait<\/strong> pour 50\u2019 inside. Face \u00e0 <a href=\"https:\/\/www.purepeople.com\/people\/isabelle-ithurburu_p200614\" rel=\"nofollow noopener\" target=\"_blank\">Isabelle Ithurburu<\/a>, la marraine du Sidaction a confirm\u00e9 que \u201cla vie est belle\u201d ce 30 ao\u00fbt 2025. Mais elle a aussi partag\u00e9 un regret. Et c\u2019est d\u00e9chirant.<\/p>\n<p>L\u2019animatrice solaire de TF1 a d\u00e9marr\u00e9 leur entretien par un rappel : <a href=\"https:\/\/www.purepeople.com\/article\/line-renaud-na-pas-dit-son-dernier-mot-a-97-ans-elle-publie-un-heureux-message-apres-une-periode-dinquietude_a539998\/1\" rel=\"nofollow noopener\" target=\"_blank\">son invit\u00e9e a eu 97 ans<\/a>. Pleine de malice, l&rsquo;artiste n\u2019a pas h\u00e9sit\u00e9 \u00e0 la taquiner : \u201cVous avez os\u00e9 dire mon \u00e2ge ? Mon dieu !\u201d. Si elle se dit ravie de n\u2019avoir jamais trich\u00e9 sur son nombre d\u2019ann\u00e9es (car elle n\u2019est pas emb\u00eat\u00e9e aujourd\u2019hui), elle s\u2019est ouverte sur un douloureux sujet : <strong>ne pas avoir eu d\u2019enfant.\u00a0<\/strong><\/p>\n<p>Line Renaud : pourquoi elle n&rsquo;a jamais eu d&rsquo;enfant ?<\/p>\n<p>L\u2019amie de <a href=\"https:\/\/www.purepeople.com\/people\/dany-boon_p126\" rel=\"nofollow noopener\" target=\"_blank\">Dany Boon<\/a> d\u00e9clare : \u201c<strong>\u00c7a m&rsquo;a beaucoup beaucoup manqu\u00e9\u2026 \u00c9norm\u00e9ment. Il ne faut pas que j\u2019y pense<\/strong>\u201d. Pour l\u2019actrice, cela devait \u00eatre comme \u00e7a. Elle explique qu\u2019\u00e0 chaque fois, elle avait un contrat qui \u00e9tait sign\u00e9 et ne pouvait donc pas \u00eatre enceinte.<\/p>\n<p><strong>Sa bonne \u00e9toile<\/strong> lui a tout de m\u00eame permis d&rsquo;avoir une carri\u00e8re exceptionnelle et de <a href=\"https:\/\/www.purepeople.com\/article\/line-renaud-emue-aux-larmes-pour-un-grand-moment-celebrant-sa-carriere-entouree-de-ses-amis-stars-le-jour-venu-je-partirai_a538052\/1\" rel=\"nofollow noopener\" target=\"_blank\">rencontrer de nombreuses personnes<\/a>, y compris <a href=\"https:\/\/www.purepeople.com\/people\/johnny-hallyday_p44\" rel=\"nofollow noopener\" target=\"_blank\">Johnny Hallyday<\/a>, <a href=\"https:\/\/www.purepeople.com\/people\/jacques-chirac_p599\" rel=\"nofollow noopener\" target=\"_blank\">Jacques Chirac<\/a>, Frank Sinatra ou Damso, qui sont tous<a href=\"https:\/\/www.purepeople.com\/article\/line-renaud-vit-depuis-77-ans-dans-une-maison-unique-situee-pres-de-paris-et-en-bordure-de-foret-ni-eau-ni-electricite-pas-meme-une-route-pour-s-y-rendre-elle-a-tout-transforme_a541004\/1\" rel=\"nofollow noopener\" target=\"_blank\"> venus chez elle<\/a>. L\u2019ic\u00f4ne de la chanson fran\u00e7aise se sentait comme chez lui dans sa maison. Quant \u00e0 <a href=\"https:\/\/www.purepeople.com\/article\/line-renaud-se-confie-sur-cet-homme-tres-puissant-qu-elle-haissait_a537739\/1\" rel=\"nofollow noopener\" target=\"_blank\">l\u2019ancien pr\u00e9sident de la R\u00e9publique<\/a>, il adorait y faire sa sieste.<\/p>\n<p>En plus d\u2019une vie artistique riche, Line Renaud a men\u00e9 des combats pr\u00e9cieux, comme celui contre le Sida. Actuellement, elle s&rsquo;engage pour une fin de vie dans la dignit\u00e9. Elle se confie sur son propre cas : \u201c<strong>La mort, je peux pas dire que j\u2019y pense. Mais je ne veux pas souffrir<\/strong>\u201d. L\u2019ancienne meneuse de revue a vu sa m\u00e8re demander \u00e0 mourir parce qu\u2019elle souffrait trop. Elle est donc d\u00e9termin\u00e9e \u00e0 ne pas subir le m\u00eame sort : \u201cJ\u2019ai toujours tout ma\u00eetris\u00e9 alors pourquoi je ne maitriserais pas ma fin de vie ? Je vais la ma\u00eetriser aussi\u201d.<\/p>\n<p><a href=\"https:\/\/www.purepeople.com\/article\/line-renaud-97-ans-et-pas-fixee-sur-le-futur-la-comedienne-lucide-mais-pleine-de-vie_a541076\/1\" rel=\"nofollow noopener\" target=\"_blank\">Toujours aussi pleine de vie<\/a>, Line Renaud a re\u00e7u lors de son interview un message de Dany Boon. Lorsqu\u2019il lui a demand\u00e9 si elle accepterait de <strong>tourner dans son prochain film<\/strong>, elle n\u2019a pas h\u00e9sit\u00e9 avant de s\u2019exclamer : \u201cC\u2019est d\u2019accord !\u201d. Une actrice qui pense continuer sa carri\u00e8re, pourquoi pas, jusqu\u2019\u00e0 100 ans\u2026<\/p>\n","protected":false},"excerpt":{"rendered":"Par Lucie Gosselin | R\u00e9dactrice Journaliste passionn\u00e9e, depuis plus de 10 ans, je r\u00e9alise des enqu\u00eates, des portraits,&hellip;\n","protected":false},"author":2,"featured_media":355346,"comment_status":"","ping_status":"","sticky":false,"template":"","format":"standard","meta":{"footnotes":""},"categories":[8],"tags":[58,59,1011,27],"class_list":{"0":"post-355345","1":"post","2":"type-post","3":"status-publish","4":"format-standard","5":"has-post-thumbnail","7":"category-divertissement","8":"tag-divertissement","9":"tag-entertainment","10":"tag-fr","11":"tag-france"},"share_on_mastodon":{"url":"https:\/\/pubeurope.com\/@fr\/115120338652913612","error":""},"_links":{"self":[{"href":"https:\/\/www.europesays.com\/fr\/wp-json\/wp\/v2\/posts\/355345","targetHints":{"allow":["GET"]}}],"collection":[{"href":"https:\/\/www.europesays.com\/fr\/wp-json\/wp\/v2\/posts"}],"about":[{"href":"https:\/\/www.europesays.com\/fr\/wp-json\/wp\/v2\/types\/post"}],"author":[{"embeddable":true,"href":"https:\/\/www.europesays.com\/fr\/wp-json\/wp\/v2\/users\/2"}],"replies":[{"embeddable":true,"href":"https:\/\/www.europesays.com\/fr\/wp-json\/wp\/v2\/comments?post=355345"}],"version-history":[{"count":0,"href":"https:\/\/www.europesays.com\/fr\/wp-json\/wp\/v2\/posts\/355345\/revisions"}],"wp:featuredmedia":[{"embeddable":true,"href":"https:\/\/www.europesays.com\/fr\/wp-json\/wp\/v2\/media\/355346"}],"wp:attachment":[{"href":"https:\/\/www.europesays.com\/fr\/wp-json\/wp\/v2\/media?parent=355345"}],"wp:term":[{"taxonomy":"category","embeddable":true,"href":"https:\/\/www.europesays.com\/fr\/wp-json\/wp\/v2\/categories?post=355345"},{"taxonomy":"post_tag","embeddable":true,"href":"https:\/\/www.europesays.com\/fr\/wp-json\/wp\/v2\/tags?post=355345"}],"curies":[{"name":"wp","href":"https:\/\/api.w.org\/{rel}","templated":true}]}}