{"id":355354,"date":"2025-08-30T23:39:11","date_gmt":"2025-08-30T23:39:11","guid":{"rendered":"https:\/\/www.europesays.com\/fr\/355354\/"},"modified":"2025-08-30T23:39:11","modified_gmt":"2025-08-30T23:39:11","slug":"les-notes-de-toulouse-psg-joao-neves-delices-sur-10-lequipe","status":"publish","type":"post","link":"https:\/\/www.europesays.com\/fr\/355354\/","title":{"rendered":"Les notes de Toulouse-PSG : Joao Neves, d\u00e9lices sur 10 &#8211; L&#039;\u00c9quipe"},"content":{"rendered":"<ol>\n<li><a href=\"https:\/\/news.google.com\/rss\/articles\/CBMioAFBVV95cUxPbXVpMDVodUZHMk1yaTMxXzRSS0VIaE9sN3ZoQ1VrQnNxc05TbWNiblhNTzRrQTJqSElYQmZGVS15M3llQmxfV2dUTlVkU3FBM0hxOEw1LV9ncV8zazJyNWtuNDNERXBKdXh1TmE3LWhkYTc4cUtSS2EzUUVSU3c0SUV5c3NLQ3UyeWZNbDkxUHljcUpWX0l1YVJkM09QOUc5?oc=5\" target=\"_blank\" rel=\"nofollow noopener\">Les notes de Toulouse-PSG : Joao Neves, d\u00e9lices sur 10<\/a>&nbsp;&nbsp;L&rsquo;\u00c9quipe<\/li>\n<li><a href=\"https:\/\/news.google.com\/rss\/articles\/CBMi2AFBVV95cUxONXhwUHpNYjVZUk5oTFZUS3VGU2ktVWFOeThjTVN5a1VIcVo4VVN6NkxxWXRCdzZDenFKRExKQi1JdjZ5akJwTUZNUUhHN3RBMEU5UjllcTV5Mk5VVHJhcFo5NXJKZnVkZXY0WGVTYnpySF9maXdRQVNudmRRVlBkbTFiV3FHbWE2b1FBUTIzNVR0S0MwX055bkNlY3lTQ3U5VTdsb3hPVnpOdnkwSzNzcUI2cF8zWklZUDctb0xHOEU5WnVYQ09fRlZQeXh5amxzSnJUS3g3OVo?oc=5\" target=\"_blank\" rel=\"nofollow noopener\">Ligue 1 : les deux retourn\u00e9s fantastiques de Joao Neves avec le PSG contre Toulouse en vid\u00e9o<\/a>&nbsp;&nbsp;L&rsquo;\u00c9quipe<\/li>\n<li><a href=\"https:\/\/news.google.com\/rss\/articles\/CBMi7wFBVV95cUxPbmk3TVdUdERsYUkxQzZhakl3dkQ4RDlmellvM3ROOWJncHl3M2NKY05ncGt1eFQ3bUFYN05RR0lZTmRnYXZiek1lSzB2NEJsQldWcEVTbVd5YUx3aGdWYTZWbEdJdzBLVnF3REd6Uk10MU4xa0JIdU1WWWVTbS15OWFkWVVGMEhmTjRQVzZxc1BIZ2tOR0RjajhHNXliNEQ0ZXBjVkNXZU1qYUpZRHFOQ0p1aExsTlBFSFp0cFM0ZFJPOG0xTU90bFBxbUNNaWFKWG8taTJiMUVJV2tuNWpIdVR0Z0cxbzVvQzJKTVk1bw?oc=5\" target=\"_blank\" rel=\"nofollow noopener\">Et maintenant, Paris retrouve la flamme<\/a>&nbsp;&nbsp;Eurosport<\/li>\n<li><a href=\"https:\/\/news.google.com\/rss\/articles\/CBMisAFBVV95cUxObHh6ay1qbUJNRGhfeGdIVjRLMzBMV2dsdnFla0NaSDdFdjczdFBwaXJlZXV5eUNrWEd5aEF0eVZnQ1JORm54SXJNZGh0TjJrT19OM2pXU2FEemxHLXFWQXJPdlJfV1I2bUpYdWY2X2FWMG94WHZqam1mNUZLM3UyUER3SnNEcTBvX0lTRHI2VnprVFpsNTRyWkNDaE15Vmc2aEdzWE9JZTdWaUFhc2lURA?oc=5\" target=\"_blank\" rel=\"nofollow noopener\">PSG : quand Lucas Chevalier repousse deux penaltys en une minute<\/a>&nbsp;&nbsp;Foot Mercato<\/li>\n<li><a href=\"https:\/\/news.google.com\/rss\/articles\/CBMinwFBVV95cUxPNDhLbWVvak85Tkk2TlFFdEpObTVKc2pUem9BakNzQjFGaUlTWmthT1RXcW5nRzRicTJTTUwyR3VhLVJrMEJOQzBod3YtTll3M3EtQWl4T09Qd2ZxWFJEX0RJLUtfQVVndVFxV2dPWVZmdHVhUlhGSjBoV0dMWkNFZVJOZTNia1dxMmVyTWgyTkRCb1VyLTFOQ0ZUM2k2OE0?oc=5\" target=\"_blank\" rel=\"nofollow noopener\">Ligue 1 : deux retourn\u00e9s, un coup de canon dans la lucarne, les joyaux de Neves en vid\u00e9o<\/a>&nbsp;&nbsp;Le Figaro<\/li>\n<\/ol>\n","protected":false},"excerpt":{"rendered":"Les notes de Toulouse-PSG : Joao Neves, d\u00e9lices sur 10&nbsp;&nbsp;L&rsquo;\u00c9quipe Ligue 1 : les deux retourn\u00e9s fantastiques de&hellip;\n","protected":false},"author":2,"featured_media":355355,"comment_status":"","ping_status":"","sticky":false,"template":"","format":"standard","meta":{"footnotes":""},"categories":[2],"tags":[11,1011,27,12],"class_list":{"0":"post-355354","1":"post","2":"type-post","3":"status-publish","4":"format-standard","5":"has-post-thumbnail","7":"category-actualites","8":"tag-actualites","9":"tag-fr","10":"tag-france","11":"tag-news"},"share_on_mastodon":{"url":"https:\/\/pubeurope.com\/@fr\/115120358284651193","error":""},"_links":{"self":[{"href":"https:\/\/www.europesays.com\/fr\/wp-json\/wp\/v2\/posts\/355354","targetHints":{"allow":["GET"]}}],"collection":[{"href":"https:\/\/www.europesays.com\/fr\/wp-json\/wp\/v2\/posts"}],"about":[{"href":"https:\/\/www.europesays.com\/fr\/wp-json\/wp\/v2\/types\/post"}],"author":[{"embeddable":true,"href":"https:\/\/www.europesays.com\/fr\/wp-json\/wp\/v2\/users\/2"}],"replies":[{"embeddable":true,"href":"https:\/\/www.europesays.com\/fr\/wp-json\/wp\/v2\/comments?post=355354"}],"version-history":[{"count":0,"href":"https:\/\/www.europesays.com\/fr\/wp-json\/wp\/v2\/posts\/355354\/revisions"}],"wp:featuredmedia":[{"embeddable":true,"href":"https:\/\/www.europesays.com\/fr\/wp-json\/wp\/v2\/media\/355355"}],"wp:attachment":[{"href":"https:\/\/www.europesays.com\/fr\/wp-json\/wp\/v2\/media?parent=355354"}],"wp:term":[{"taxonomy":"category","embeddable":true,"href":"https:\/\/www.europesays.com\/fr\/wp-json\/wp\/v2\/categories?post=355354"},{"taxonomy":"post_tag","embeddable":true,"href":"https:\/\/www.europesays.com\/fr\/wp-json\/wp\/v2\/tags?post=355354"}],"curies":[{"name":"wp","href":"https:\/\/api.w.org\/{rel}","templated":true}]}}