{"id":355390,"date":"2025-08-31T00:01:11","date_gmt":"2025-08-31T00:01:11","guid":{"rendered":"https:\/\/www.europesays.com\/fr\/355390\/"},"modified":"2025-08-31T00:01:11","modified_gmt":"2025-08-31T00:01:11","slug":"previsions-du-dimanche-31-aout-2025-6","status":"publish","type":"post","link":"https:\/\/www.europesays.com\/fr\/355390\/","title":{"rendered":"pr\u00e9visions du dimanche 31 ao\u00fbt 2025"},"content":{"rendered":"<p>\u00c0 Bordeaux, la journ\u00e9e va rester voil\u00e9e \u00e0 cause de nuages qui perdurent dans le ciel. Les maximales pourront atteindre 22\u00b0C alors que les minimales seront de 15\u00b0C. On observera la pr\u00e9sence persistante de nuages le matin. Il va pleuvoir. Les temp\u00e9ratures avoisineront les 20\u00b0C. Une petite brise de sud sera ressentie par les habitants. Il se peut qu&rsquo;il y ait de l\u00e9g\u00e8res averses l&rsquo;apr\u00e8s-midi. Les valeurs seront de 16\u00b0C au plus bas et de 21\u00b0C au maximum. Dans la soir\u00e9e, des pluies \u00e9parses sont pr\u00e9vues. Le passage de dimanche \u00e0 lundi se fera sous un ciel pluvieux.<\/p>\n<p>Demain, on verra l&rsquo;arriv\u00e9e de nuages \u00e0 Bordeaux. Une chute des temp\u00e9ratures est \u00e0 pr\u00e9voir. Il va faire en moyenne 18\u00b0C. Un vent de sud-ouest rafra\u00eechira l\u00e9g\u00e8rement l&rsquo;atmosph\u00e8re. La matin\u00e9e sera marqu\u00e9e par des pluies \u00e9parses. Les temp\u00e9ratures seront de 18\u00b0C. Demain apr\u00e8s-midi, il est probable que de petites averses se d\u00e9clarent. Les temp\u00e9ratures s&rsquo;\u00e9chelonneront entre 19 et 21\u00b0C. De la bruine l\u00e9g\u00e8re va tomber durant la soir\u00e9e. Le thermom\u00e8tre affichera 16\u00b0C en moyenne.<\/p>\n<p>La m\u00e9t\u00e9o des journ\u00e9es suivantes va \u00e9voluer peu \u00e0 peu. Le temps se maintiendra mardi mais une am\u00e9lioration s&rsquo;ensuivra mercredi.<\/p>\n<p><\/p>\n","protected":false},"excerpt":{"rendered":"\u00c0 Bordeaux, la journ\u00e9e va rester voil\u00e9e \u00e0 cause de nuages qui perdurent dans le ciel. Les maximales&hellip;\n","protected":false},"author":2,"featured_media":355391,"comment_status":"","ping_status":"","sticky":false,"template":"","format":"standard","meta":{"footnotes":""},"categories":[2817],"tags":[1111,11,3177,1997,1777,674,1011,27,2905,12,2219,2119,25],"class_list":{"0":"post-355390","1":"post","2":"type-post","3":"status-publish","4":"format-standard","5":"has-post-thumbnail","7":"category-bordeaux","8":"tag-actu","9":"tag-actualites","10":"tag-aquitaine","11":"tag-bordeaux","12":"tag-eu","13":"tag-europe","14":"tag-fr","15":"tag-france","16":"tag-gironde","17":"tag-news","18":"tag-nouvelle-aquitaine","19":"tag-previsions-meteo","20":"tag-republique-francaise"},"share_on_mastodon":{"url":"https:\/\/pubeurope.com\/@fr\/115120444968310958","error":""},"_links":{"self":[{"href":"https:\/\/www.europesays.com\/fr\/wp-json\/wp\/v2\/posts\/355390","targetHints":{"allow":["GET"]}}],"collection":[{"href":"https:\/\/www.europesays.com\/fr\/wp-json\/wp\/v2\/posts"}],"about":[{"href":"https:\/\/www.europesays.com\/fr\/wp-json\/wp\/v2\/types\/post"}],"author":[{"embeddable":true,"href":"https:\/\/www.europesays.com\/fr\/wp-json\/wp\/v2\/users\/2"}],"replies":[{"embeddable":true,"href":"https:\/\/www.europesays.com\/fr\/wp-json\/wp\/v2\/comments?post=355390"}],"version-history":[{"count":0,"href":"https:\/\/www.europesays.com\/fr\/wp-json\/wp\/v2\/posts\/355390\/revisions"}],"wp:featuredmedia":[{"embeddable":true,"href":"https:\/\/www.europesays.com\/fr\/wp-json\/wp\/v2\/media\/355391"}],"wp:attachment":[{"href":"https:\/\/www.europesays.com\/fr\/wp-json\/wp\/v2\/media?parent=355390"}],"wp:term":[{"taxonomy":"category","embeddable":true,"href":"https:\/\/www.europesays.com\/fr\/wp-json\/wp\/v2\/categories?post=355390"},{"taxonomy":"post_tag","embeddable":true,"href":"https:\/\/www.europesays.com\/fr\/wp-json\/wp\/v2\/tags?post=355390"}],"curies":[{"name":"wp","href":"https:\/\/api.w.org\/{rel}","templated":true}]}}