{"id":355417,"date":"2025-08-31T00:17:10","date_gmt":"2025-08-31T00:17:10","guid":{"rendered":"https:\/\/www.europesays.com\/fr\/355417\/"},"modified":"2025-08-31T00:17:10","modified_gmt":"2025-08-31T00:17:10","slug":"un-drone-ukrainien-declenche-un-incendie-a-proximite-dune-residence-de-poutine-en-mer-noire","status":"publish","type":"post","link":"https:\/\/www.europesays.com\/fr\/355417\/","title":{"rendered":"Un drone ukrainien d\u00e9clenche un incendie \u00e0 proximit\u00e9 d\u2019une r\u00e9sidence de Poutine en mer Noire"},"content":{"rendered":"<p>Samedi 30 ao\u00fbt, plus de 400 pompiers russes poursuivaient leurs efforts pour contenir un incendie d\u00e9clench\u00e9 plus t\u00f4t dans la semaine par des d\u00e9bris de <a href=\"https:\/\/www.valeursactuelles.com\/clubvaleurs\/monde\/guerre-en-ukraine-quand-les-drones-font-la-loi-sur-le-champ-de-bataille\" target=\"_blank\" rel=\"noopener\">drone ukrainien<\/a>, pr\u00e8s du \u00ab\u202fpalais\u202f\u00bb suppos\u00e9 de Vladimir Poutine sur les rives de la mer Noire. Les autorit\u00e9s de la r\u00e9gion de Krasnodar, dans le sud de la Russie, avaient indiqu\u00e9 jeudi que la chute d\u2019un drone avait provoqu\u00e9 un feu dans une zone foresti\u00e8re \u00e0 proximit\u00e9 de la ville de Guelendjik, rapporte <a href=\"https:\/\/www.bfmtv.com\/international\/asie\/russie\/un-incendie-cause-par-un-drone-ukrainien-pres-du-luxueux-palais-de-poutine-sur-les-bords-de-la-mer-noire_AD-202508300180.html\" target=\"_blank\" rel=\"noopener\">BFM TV<\/a>.<\/p>\n<p>C\u2019est dans cette zone que se trouve une somptueuse r\u00e9sidence surnomm\u00e9e \u00ab\u202fle palais de Poutine\u202f\u00bb, dont le pr\u00e9sident nie \u00eatre le propri\u00e9taire. Des vid\u00e9os publi\u00e9es vendredi montrent les flammes ravageant les arbres, un sol recouvert de cendres et un h\u00e9licopt\u00e8re transportant de l\u2019eau pour tenter de ma\u00eetriser le sinistre.<\/p>\n<p>Une propri\u00e9t\u00e9 de Poutine ?<\/p>\n<p>Pour l\u2019heure, rien n\u2019indique que l\u2019incendie menace directement le \u00ab\u202fpalais de Poutine\u202f\u00bb. En 2021, l\u2019opposant russe Alexe\u00ef Navalny, depuis d\u00e9c\u00e9d\u00e9 en prison dans des circonstances troubles, avait publi\u00e9 une enqu\u00eate accusant <a href=\"https:\/\/www.valeursactuelles.com\/clubvaleurs\/monde\/trump-poutine-le-deal-en-devenir\" target=\"_blank\" rel=\"noopener\">Vladimir Poutine<\/a> d\u2019\u00eatre le propri\u00e9taire de cet immense domaine situ\u00e9 dans une zone touristique de la mer Noire, accusation que le pr\u00e9sident a toujours ni\u00e9e.<\/p>\n<p>Selon cette enqu\u00eate, l\u2019ensemble fastueux, financ\u00e9 par la corruption, comprendrait des vignobles, une enceinte de hockey sur glace et m\u00eame un casino.<\/p>\n<\/p>\n<p>Depuis le d\u00e9but de l\u2019invasion russe en Ukraine en 2022, Kiev se d\u00e9fend notamment en frappant la Russie avec des drones. Ces attaques auraient modifi\u00e9 certaines habitudes de Vladimir Poutine : craignant pour sa s\u00e9curit\u00e9, il aurait par exemple cess\u00e9 de se rendre \u00e0 Sotchi, d\u00e9sormais \u00e0 port\u00e9e des drones, selon le site russe d\u2019investigation Proekt.<\/p>\n","protected":false},"excerpt":{"rendered":"Samedi 30 ao\u00fbt, plus de 400 pompiers russes poursuivaient leurs efforts pour contenir un incendie d\u00e9clench\u00e9 plus t\u00f4t&hellip;\n","protected":false},"author":2,"featured_media":355418,"comment_status":"","ping_status":"","sticky":false,"template":"","format":"standard","meta":{"footnotes":""},"categories":[1591],"tags":[11,2024,1887,131,12,44035,1885,1886,132,135],"class_list":{"0":"post-355417","1":"post","2":"type-post","3":"status-publish","4":"format-standard","5":"has-post-thumbnail","7":"category-russie","8":"tag-actualites","9":"tag-drones","10":"tag-federation-de-russie","11":"tag-guerre-en-ukraine","12":"tag-news","13":"tag-palace","14":"tag-russia","15":"tag-russian-federation","16":"tag-russie","17":"tag-vladimir-poutine"},"share_on_mastodon":{"url":"https:\/\/pubeurope.com\/@fr\/115120507689560041","error":""},"_links":{"self":[{"href":"https:\/\/www.europesays.com\/fr\/wp-json\/wp\/v2\/posts\/355417","targetHints":{"allow":["GET"]}}],"collection":[{"href":"https:\/\/www.europesays.com\/fr\/wp-json\/wp\/v2\/posts"}],"about":[{"href":"https:\/\/www.europesays.com\/fr\/wp-json\/wp\/v2\/types\/post"}],"author":[{"embeddable":true,"href":"https:\/\/www.europesays.com\/fr\/wp-json\/wp\/v2\/users\/2"}],"replies":[{"embeddable":true,"href":"https:\/\/www.europesays.com\/fr\/wp-json\/wp\/v2\/comments?post=355417"}],"version-history":[{"count":0,"href":"https:\/\/www.europesays.com\/fr\/wp-json\/wp\/v2\/posts\/355417\/revisions"}],"wp:featuredmedia":[{"embeddable":true,"href":"https:\/\/www.europesays.com\/fr\/wp-json\/wp\/v2\/media\/355418"}],"wp:attachment":[{"href":"https:\/\/www.europesays.com\/fr\/wp-json\/wp\/v2\/media?parent=355417"}],"wp:term":[{"taxonomy":"category","embeddable":true,"href":"https:\/\/www.europesays.com\/fr\/wp-json\/wp\/v2\/categories?post=355417"},{"taxonomy":"post_tag","embeddable":true,"href":"https:\/\/www.europesays.com\/fr\/wp-json\/wp\/v2\/tags?post=355417"}],"curies":[{"name":"wp","href":"https:\/\/api.w.org\/{rel}","templated":true}]}}