{"id":355419,"date":"2025-08-31T00:18:10","date_gmt":"2025-08-31T00:18:10","guid":{"rendered":"https:\/\/www.europesays.com\/fr\/355419\/"},"modified":"2025-08-31T00:18:10","modified_gmt":"2025-08-31T00:18:10","slug":"lue-reflechira-aux-actifs-russes-geles-une-fois-la-guerre-en-ukraine-terminee-dit-kallas-30-08-2025-a-1844","status":"publish","type":"post","link":"https:\/\/www.europesays.com\/fr\/355419\/","title":{"rendered":"L&rsquo;UE r\u00e9fl\u00e9chira aux actifs russes gel\u00e9s une fois la guerre en Ukraine termin\u00e9e, dit Kallas &#8211; 30\/08\/2025 \u00e0 18:44"},"content":{"rendered":"<p>\n par Andrew Gray\n<\/p>\n<p>\n L&rsquo;Union europ\u00e9enne<br \/>\nr\u00e9fl\u00e9chira \u00e0 l&rsquo;utilisation des avoirs russes gel\u00e9s pour financer<br \/>\nla d\u00e9fense et la reconstruction de l&rsquo;Ukraine une fois la guerre<br \/>\ntermin\u00e9e et leur confiscation est en l&rsquo;\u00e9tat actuel irr\u00e9aliste du<br \/>\npoint de vue politique, a d\u00e9clar\u00e9 samedi Kaja Kallas, haute<br \/>\nrepr\u00e9sentante de l&rsquo;UE pour les affaires \u00e9trang\u00e8res et la<br \/>\npolitique de s\u00e9curit\u00e9.\n<\/p>\n<p>\n L&rsquo;UE estime avoir gel\u00e9 environ 210 milliards d&rsquo;euros<br \/>\nd&rsquo;avoirs russes dans le cadre des sanctions inflig\u00e9es \u00e0 Moscou<br \/>\nen raison de l&rsquo;invasion \u00e0 grande \u00e9chelle de l&rsquo;Ukraine depuis<br \/>\nf\u00e9vrier 2022.\n<\/p>\n<p>\n L&rsquo;Ukraine et quelques pays de l&rsquo;UE, dont la Pologne,<br \/>\nl&rsquo;Estonie et la Lituanie, jugent que ces actifs devraient d\u00e8s \u00e0<br \/>\npr\u00e9sent \u00eatre saisis pour alimenter l&rsquo;aide \u00e0 Kyiv. Leurs appels<br \/>\nse font plus pressants en raison des besoins de financement de<br \/>\nl&rsquo;Ukraine, estim\u00e9s \u00e0 plusieurs dizaines de milliards d&rsquo;euros<br \/>\npour la seule ann\u00e9e prochaine.\n<\/p>\n<p>\n La France et l&rsquo;Allemagne, ainsi que la Belgique, qui retient<br \/>\nl&rsquo;essentiel de ces actifs gel\u00e9s, s&rsquo;opposent toutefois \u00e0 une<br \/>\ntelle initiative, dont ils doutent de la validit\u00e9 sur le plan<br \/>\njuridique, et soulignent que les int\u00e9r\u00eats g\u00e9n\u00e9r\u00e9s par ces actifs<br \/>\npermettent d\u00e9j\u00e0 de soutenir l&rsquo;Ukraine.\n<\/p>\n<p>\n S&rsquo;exprimant \u00e0 l&rsquo;issue d&rsquo;une r\u00e9union des ministres des<br \/>\nAffaires \u00e9trang\u00e8res de l&rsquo;UE \u00e0 Copenhague, Kaja Kallas a fait<br \/>\n\u00e9tat d&rsquo;un consensus pour juger \u00ab\u00a0inconcevable que la Russie<br \/>\nrevoie un jour cet argent \u00e0 moins qu&rsquo;elle n&rsquo;indemnise<br \/>\nint\u00e9gralement l&rsquo;Ukraine\u00a0\u00bb pour les cons\u00e9quences du conflit.\n<\/p>\n<p>\n \u00ab\u00a0Nous ne les imaginons pas payer pour les d\u00e9g\u00e2ts. Donc nous<br \/>\ndevons avoir une strat\u00e9gie de sortie\u00a0\u00bb quant \u00e0 l&rsquo;utilisation de<br \/>\nces fonds une fois la guerre termin\u00e9e, a-t-elle dit.\n<\/p>\n<p>\n Ces avoirs russes sont pour l&rsquo;essentiel plac\u00e9s dans<br \/>\nEuroclear, une structure financi\u00e8re de d\u00e9p\u00f4ts de titres bas\u00e9e en<br \/>\nBelgique.\n<\/p>\n<p>\n Le ministre belge des Affaires \u00e9trang\u00e8res, Maxime Pr\u00e9vot, a<br \/>\nd\u00e9clar\u00e9 qu&rsquo;il \u00e9tait hors de question en l&rsquo;\u00e9tat actuel de saisir<br \/>\nces actifs.\n<\/p>\n<p>\n \u00ab\u00a0Ces actifs sont solidement prot\u00e9g\u00e9s par le droit<br \/>\ninternational\u00a0\u00bb, a-t-il dit aux journalistes \u00e0 Copenhague. \u00ab\u00a0Leur<br \/>\nconfiscation g\u00e9n\u00e9rerait une instabilit\u00e9 financi\u00e8re syst\u00e9mique et<br \/>\n\u00e9roderait \u00e9galement la confiance dans l&rsquo;euro.\u00a0\u00bb\n<\/p>\n<p>\n Maxime Pr\u00e9vot a aussi rejet\u00e9 les appels \u00e0 une \u00e9volution de<br \/>\nla strat\u00e9gie d&rsquo;utilisation des profits g\u00e9n\u00e9r\u00e9s par ces actifs<br \/>\nvers des investissements \u00e0 plus haut rendement. Il a jug\u00e9 que<br \/>\ncela serait trop risqu\u00e9, aussi bien financi\u00e8rement que<br \/>\njuridiquement.\n<\/p>\n<p>\n Les pays du G7, avec l&rsquo;UE, sont convenus l&rsquo;an dernier<br \/>\nd&rsquo;utiliser les int\u00e9r\u00eats produits par ces actifs pour financer un<br \/>\npr\u00eat de 50 milliards de dollars (42,8 milliards d&rsquo;euros) \u00e0<br \/>\nl&rsquo;Ukraine.\n<\/p>\n<p>\n \u00ab\u00a0La Belgique et de nombreux autres pays ne veulent pas<br \/>\ndiscuter (de la saisie de ces actifs) pour l&rsquo;instant (&#8230;) mais<br \/>\ntout le monde convient (&#8230;) que la Russie devrait payer pour<br \/>\nles d\u00e9g\u00e2ts, pas nos contribuables\u00a0\u00bb, a dit Kaja Kallas.\n<\/p>\n<p>\n (Reportage Andrew Gray, version fran\u00e7aise Bertrand Boucey)<\/p>\n","protected":false},"excerpt":{"rendered":"par Andrew Gray L&rsquo;Union europ\u00e9enne r\u00e9fl\u00e9chira \u00e0 l&rsquo;utilisation des avoirs russes gel\u00e9s pour financer la d\u00e9fense et la&hellip;\n","protected":false},"author":2,"featured_media":2486,"comment_status":"","ping_status":"","sticky":false,"template":"","format":"standard","meta":{"footnotes":""},"categories":[1590],"tags":[400,11,398,408,405,1777,674,403,402,399,404,12,401,406,220,407],"class_list":{"0":"post-355419","1":"post","2":"type-post","3":"status-publish","4":"format-standard","5":"has-post-thumbnail","7":"category-ukraine","8":"tag-action-cac-40","9":"tag-actualites","10":"tag-bourse-de-paris","11":"tag-boursorama","12":"tag-cotations","13":"tag-eu","14":"tag-europe","15":"tag-indices-devises","16":"tag-investir","17":"tag-investissement","18":"tag-marche-boursier","19":"tag-news","20":"tag-sicav","21":"tag-trackers","22":"tag-ukraine","23":"tag-warrants"},"share_on_mastodon":{"url":"https:\/\/pubeurope.com\/@fr\/115120511684001983","error":""},"_links":{"self":[{"href":"https:\/\/www.europesays.com\/fr\/wp-json\/wp\/v2\/posts\/355419","targetHints":{"allow":["GET"]}}],"collection":[{"href":"https:\/\/www.europesays.com\/fr\/wp-json\/wp\/v2\/posts"}],"about":[{"href":"https:\/\/www.europesays.com\/fr\/wp-json\/wp\/v2\/types\/post"}],"author":[{"embeddable":true,"href":"https:\/\/www.europesays.com\/fr\/wp-json\/wp\/v2\/users\/2"}],"replies":[{"embeddable":true,"href":"https:\/\/www.europesays.com\/fr\/wp-json\/wp\/v2\/comments?post=355419"}],"version-history":[{"count":0,"href":"https:\/\/www.europesays.com\/fr\/wp-json\/wp\/v2\/posts\/355419\/revisions"}],"wp:featuredmedia":[{"embeddable":true,"href":"https:\/\/www.europesays.com\/fr\/wp-json\/wp\/v2\/media\/2486"}],"wp:attachment":[{"href":"https:\/\/www.europesays.com\/fr\/wp-json\/wp\/v2\/media?parent=355419"}],"wp:term":[{"taxonomy":"category","embeddable":true,"href":"https:\/\/www.europesays.com\/fr\/wp-json\/wp\/v2\/categories?post=355419"},{"taxonomy":"post_tag","embeddable":true,"href":"https:\/\/www.europesays.com\/fr\/wp-json\/wp\/v2\/tags?post=355419"}],"curies":[{"name":"wp","href":"https:\/\/api.w.org\/{rel}","templated":true}]}}