{"id":355420,"date":"2025-08-31T00:19:15","date_gmt":"2025-08-31T00:19:15","guid":{"rendered":"https:\/\/www.europesays.com\/fr\/355420\/"},"modified":"2025-08-31T00:19:15","modified_gmt":"2025-08-31T00:19:15","slug":"oui-de-terribles-tragedies-se-produisent-jd-vance-affirme-etre-pret-a-succeder-a-donald-trump-en-cas-de-deces","status":"publish","type":"post","link":"https:\/\/www.europesays.com\/fr\/355420\/","title":{"rendered":"\u00ab\u00a0Oui, de terribles trag\u00e9dies se produisent\u00a0\u00bb\u00a0: JD Vance affirme \u00eatre pr\u00eat \u00e0 succ\u00e9der \u00e0 Donald Trump en cas de d\u00e9c\u00e8s"},"content":{"rendered":"<p class=\"paragraph text_align_left lp-f-body-02\">Une sortie qui ne risque pas de calmer les rumeurs autour de l\u2019\u00e9tat de sant\u00e9 de Donald Trump. Dans une interview accord\u00e9e au quotidien am\u00e9ricain <a href=\"https:\/\/eu.usatoday.com\/story\/news\/politics\/2025\/08\/28\/vance-training-president-trump-good-health\/85852650007\/\" target=\"_blank\" rel=\"noreferrer nofollow noopener\">USA Today<\/a> ce jeudi, le vice-pr\u00e9sident am\u00e9ricain JD Vance a d\u00e9clar\u00e9 qu\u2019il se sentait pr\u00eat \u00e0 assumer la pr\u00e9sidence si Donald Trump venait \u00e0 d\u00e9c\u00e9der.<\/p>\n<p class=\"paragraph text_align_left lp-f-body-02\">\u00ab Oui, de terribles trag\u00e9dies se produisent \u00bb, a d\u00e9clar\u00e9 JD Vance. \u00ab Mais je suis convaincu que le pr\u00e9sident des \u00c9tats-Unis est en pleine forme, qu\u2019il va terminer son mandat et accomplir de grandes choses pour le peuple am\u00e9ricain. \u00bb<\/p>\n<p class=\"paragraph text_align_left lp-f-body-02\">\u00ab Et si, Dieu nous en pr\u00e9serve, il y a une terrible trag\u00e9die, je ne peux pas imaginer une meilleure formation sur le terrain que celle que j\u2019ai re\u00e7ue au cours des 200 derniers jours \u00bb, a poursuivi JD Vance, faisant allusion \u00e0 son d\u00e9but de mandat aux c\u00f4t\u00e9s du chef d\u2019\u00c9tat am\u00e9ricain.<\/p>\n<p>Une sant\u00e9 qui interroge<\/p>\n<p class=\"paragraph text_align_left lp-f-body-02\"><a href=\"https:\/\/www.leparisien.fr\/international\/clash-du-siecle-a-la-maison-blanche-jd-vance-lartificier-devenu-omnipresent-dans-le-bureau-ovale-01-03-2025-53CGXADHPZEMNONDIJWI2WQGQU.php\" target=\"_blank\" rel=\"noreferrer nofollow noopener\">Le vice-pr\u00e9sident am\u00e9ricain<\/a> \u00e9tait alors interrog\u00e9 sur la sant\u00e9 de Donald Trump, qui fait l\u2019objet de nombreuses sp\u00e9culations, notamment depuis la publication r\u00e9cente de photos montrant des ecchymoses sur ses mains.<\/p>\n<p class=\"paragraph text_align_left lp-f-body-02\">En juillet, le pr\u00e9sident am\u00e9ricain, \u00e2g\u00e9 de 79 ans, <a href=\"https:\/\/www.leparisien.fr\/international\/etats-unis\/trump-diagnostique-dune-insuffisance-veineuse-apres-avoir-fait-etat-de-jambes-enflees-17-07-2025-MDFPH2OB6RFNXHSACC3FJ3PBUI.php\" target=\"_blank\" rel=\"noreferrer nofollow noopener\">avait \u00e9t\u00e9 diagnostiqu\u00e9 d\u2019une insuffisance veineuse<\/a> qui lui causait notamment des jambes enfl\u00e9es. Cette affection, qui consiste en une accumulation du sang dans les membres inf\u00e9rieurs, est \u00ab b\u00e9nigne et courante, particuli\u00e8rement chez les individus de plus de 70 ans \u00bb, avait d\u00e9fendu la porte-parole de la Maison Blanche, Karoline Leavitt.<\/p>\n<p class=\"paragraph text_align_left lp-f-body-02\">\u00c9galement interrog\u00e9e au sujet des bleus sur les mains du pr\u00e9sident, la porte-parole avait alors assur\u00e9 qu\u2019ils \u00e9taient la cons\u00e9quence \u00ab des fr\u00e9quents serrages de mains \u00bb et de sa prise d\u2019aspirine, \u00ab dans le cadre d\u2019un r\u00e9gime pr\u00e9ventif cardiovasculaire standard \u00bb.<\/p>\n<p>Trump \u00ab est en excellente sant\u00e9 \u00bb<\/p>\n<p class=\"paragraph text_align_left lp-f-body-02\">Pour JD Vance, il n\u2019y a cependant pas de raison de s\u2019inqui\u00e9ter sur les capacit\u00e9s physiques du pr\u00e9sident. Donald Trump est \u00ab la derni\u00e8re personne \u00e0 passer des appels t\u00e9l\u00e9phoniques la nuit, et c\u2019est la premi\u00e8re personne \u00e0 se r\u00e9veiller et la premi\u00e8re personne \u00e0 passer des appels t\u00e9l\u00e9phoniques le matin \u00bb, d\u00e9crit-il.<\/p>\n<p class=\"paragraph text_align_left lp-f-body-02\">\u00ab Le pr\u00e9sident est en excellente sant\u00e9 \u00bb, a assur\u00e9 JD Vance. \u00ab Il a une \u00e9nergie incroyable. \u00bb<\/p>\n<p class=\"paragraph text_align_left lp-f-body-02\">Au-del\u00e0 de son \u00e2ge, la s\u00e9curit\u00e9 de Donald Trump suscite des inqui\u00e9tudes croissantes, exacerb\u00e9es par deux r\u00e9centes tentatives d\u2019assassinat. En juillet 2024, un tireur <a href=\"https:\/\/www.leparisien.fr\/international\/etats-unis\/tirs-contre-trump-lors-dun-meeting-tentative-dassassinat-identification-le-point-sur-lenquete-du-fbi-14-07-2024-UQINH3A2NBA6PHV2P45IQZV4ZA.php\" target=\"_blank\" rel=\"noreferrer nofollow noopener\">a notamment touch\u00e9 son oreille en plein meeting<\/a> en Pennsylvanie. Quelques mois plus tard, <a href=\"https:\/\/www.leparisien.fr\/international\/etats-unis\/tentative-dassassinat-presumee-sur-donald-trump-le-suspect-na-pas-tire-selon-le-secret-service-17-09-2024-BJW2ACWEABDH5ETWSR4W7UVOBQ.php\" target=\"_blank\" rel=\"noreferrer nofollow noopener\">il \u00e9tait de nouveau la cible d\u2019une tentative d\u2019attaque<\/a>, alors qu\u2019il se trouvait sur un cours de golf en Floride.<\/p>\n","protected":false},"excerpt":{"rendered":"Une sortie qui ne risque pas de calmer les rumeurs autour de l\u2019\u00e9tat de sant\u00e9 de Donald Trump.&hellip;\n","protected":false},"author":2,"featured_media":355421,"comment_status":"","ping_status":"","sticky":false,"template":"","format":"standard","meta":{"footnotes":""},"categories":[1589],"tags":[11,73,1866,14,12,1864,1865,1863,308],"class_list":{"0":"post-355420","1":"post","2":"type-post","3":"status-publish","4":"format-standard","5":"has-post-thumbnail","7":"category-etats-unis","8":"tag-actualites","9":"tag-etats-unis","10":"tag-etats-unis-damerique","11":"tag-international","12":"tag-news","13":"tag-united-states","14":"tag-united-states-of-america","15":"tag-us","16":"tag-usa"},"share_on_mastodon":{"url":"https:\/\/pubeurope.com\/@fr\/115120515526644084","error":""},"_links":{"self":[{"href":"https:\/\/www.europesays.com\/fr\/wp-json\/wp\/v2\/posts\/355420","targetHints":{"allow":["GET"]}}],"collection":[{"href":"https:\/\/www.europesays.com\/fr\/wp-json\/wp\/v2\/posts"}],"about":[{"href":"https:\/\/www.europesays.com\/fr\/wp-json\/wp\/v2\/types\/post"}],"author":[{"embeddable":true,"href":"https:\/\/www.europesays.com\/fr\/wp-json\/wp\/v2\/users\/2"}],"replies":[{"embeddable":true,"href":"https:\/\/www.europesays.com\/fr\/wp-json\/wp\/v2\/comments?post=355420"}],"version-history":[{"count":0,"href":"https:\/\/www.europesays.com\/fr\/wp-json\/wp\/v2\/posts\/355420\/revisions"}],"wp:featuredmedia":[{"embeddable":true,"href":"https:\/\/www.europesays.com\/fr\/wp-json\/wp\/v2\/media\/355421"}],"wp:attachment":[{"href":"https:\/\/www.europesays.com\/fr\/wp-json\/wp\/v2\/media?parent=355420"}],"wp:term":[{"taxonomy":"category","embeddable":true,"href":"https:\/\/www.europesays.com\/fr\/wp-json\/wp\/v2\/categories?post=355420"},{"taxonomy":"post_tag","embeddable":true,"href":"https:\/\/www.europesays.com\/fr\/wp-json\/wp\/v2\/tags?post=355420"}],"curies":[{"name":"wp","href":"https:\/\/api.w.org\/{rel}","templated":true}]}}