{"id":355424,"date":"2025-08-31T00:21:13","date_gmt":"2025-08-31T00:21:13","guid":{"rendered":"https:\/\/www.europesays.com\/fr\/355424\/"},"modified":"2025-08-31T00:21:13","modified_gmt":"2025-08-31T00:21:13","slug":"en-allemagne-une-neonazie-trans-fuit-le-pays-avant-son-incarceration","status":"publish","type":"post","link":"https:\/\/www.europesays.com\/fr\/355424\/","title":{"rendered":"En Allemagne, une n\u00e9onazie trans fuit le pays avant son incarc\u00e9ration"},"content":{"rendered":"<p>Vendredi 29\u00a0ao\u00fbt, Marla-Svenja Liebich, anciennement connue sous le nom de Sven Liebich, assign\u00e9 homme \u00e0 la naissance avant une transition de genre, devait se pr\u00e9senter \u00e0 la prison de Chemnitz, en Saxe, pour commencer \u00e0 purger la peine \u00e0 laquelle elle avait \u00e9t\u00e9 condamn\u00e9e en 2023.<\/p>\n<p>Mais il n&rsquo;en a rien \u00e9t\u00e9, \u00e0 en croire un message publi\u00e9 sur son compte X. \u00ab\u00a0L&rsquo;exploit d&rsquo;un tour de magie\u00a0: tous les regards sont attir\u00e9s vers l&rsquo;arri\u00e8re-plan tandis que le sujet dispara\u00eet dans l&rsquo;ombre\u00a0\u00bb, a-t-elle \u00e9crit, r\u00e9v\u00e9lant sa fuite.<\/p>\n<p>Sven Liebich, 54\u00a0ans, \u00e9tait une figure bien connue des milieux <a class=\"Link\" href=\"https:\/\/www.lepoint.fr\/monde\/l-afd-premier-parti-d-allemagne-friedrich-merz-deja-sous-pression-24-04-2025-2588125_24.php\" title=\"\" data-gtm=\"click:capsule\" data-capsule=\"Lien\" target=\"_blank\" rel=\"noopener\">d&rsquo;extr\u00eame droite en Allemagne <\/a>de l&rsquo;Est. Selon la presse allemande, il \u00e9tait membre du r\u00e9seau <a class=\"Link\" href=\"https:\/\/www.lepoint.fr\/histoire\/mein-kampf-n-est-pas-tombe-dans-l-oubli-18-07-2025-2594639_1615.php\" title=\"\" data-gtm=\"click:capsule\" data-capsule=\"Lien\" target=\"_blank\" rel=\"noopener\">n\u00e9onazi<\/a> Blood and Honour, fond\u00e9 en 1987. Condamn\u00e9 \u00e0\u00a018\u00a0mois de prison pour incitation \u00e0 la haine, diffamation et outrage, il avait notamment multipli\u00e9 les prises de position x\u00e9nophobes et transphobes.<\/p>\n<p>Une critique de la loi sur l&rsquo;autod\u00e9termination<\/p>\n<p>Car c&rsquo;est bien toute l&rsquo;ironie de cette affaire\u00a0: Marla-Svenja Liebich n&rsquo;est, a priori, pas une d\u00e9fenseure des droits des personnes LGBT, mais une transphobe convaincue. Selon des m\u00e9dias allemands, cit\u00e9s par <a class=\"Link\" href=\"https:\/\/www.courrierinternational.com\/article\/politique-en-allemagne-une-personnalite-transphobe-change-d-etat-civil-pour-ridiculiser-une-loi-favorable-aux-trans_234353\" target=\"_blank\" title=\"\" data-gtm=\"click:capsule\" data-capsule=\"Lien\" rel=\"noopener\">Courrier International<\/a>, la proc\u00e9dure de <a class=\"Link\" href=\"https:\/\/www.lepoint.fr\/debats\/changer-de-genre-ce-n-est-pas-une-mince-affaire-17-10-2020-2396826_2.php\" title=\"\" data-gtm=\"click:capsule\" data-capsule=\"Lien\" target=\"_blank\" rel=\"noopener\">transition de genre<\/a> effectu\u00e9e par Marla-Svenja Liebich en\u00a02024\u00a0visait \u00e0 ridiculiser la loi allemande vot\u00e9e le 1er\u00a0janvier de cette m\u00eame ann\u00e9e, pr\u00e9voyant le droit de changer de pr\u00e9nom et de genre sans pr\u00e9senter de documents m\u00e9dicaux, en en faisant la demande aupr\u00e8s du bureau d&rsquo;\u00e9tat civil local, \u00e0 confirmer apr\u00e8s trois mois.<\/p>\n<p>\n\u00c0 D\u00e9couvrir<br \/>\n<strong class=\"discover-kangourou__line\"><br \/>\n<img decoding=\"async\" class=\"discover-kangourou__img\" src=\"https:\/\/static.lpnt.fr\/static\/img\/kangourou\/kangourou_filled.svg\"\/><br \/>\n<strong class=\"discover-kangourou__txt\"><br \/>\n<strong>Le Kangourou du jour<\/strong><br \/>\n<a href=\"https:\/\/kangourou.lepoint.fr\" title=\"kangourou\" data-gtm-cta=\"kangourou_article\" class=\"discover-kangourou__lnk\" target=\"_blank\" rel=\"noopener\"><br \/>\nR\u00e9pondre<br \/>\n<\/a><br \/>\n<\/strong><br \/>\n<\/strong><br \/>\nMarla-Svenja Liebich aurait ainsi d\u00e9tourn\u00e9 \u00e0 son avantage la loi, lui permettant de b\u00e9n\u00e9ficier de conditions carc\u00e9rales consid\u00e9r\u00e9es comme meilleures, au sein d&rsquo;une prison pour femmes, quand bien m\u00eame ce n&rsquo;est pas le genre auquel elle s&rsquo;identifie. Faisant, par l\u00e0 peser une menace pour la s\u00e9curit\u00e9 de ses cod\u00e9tenues. De quoi relancer le d\u00e9bat sur le bien-fond\u00e9 de cette loi de facilitation, d\u00e9cri\u00e9e par les conservateurs et une partie de la population. \u00ab\u00a0La justice, l&rsquo;opinion publique et la politique sont ici tourn\u00e9es en ridicule parce que la loi sur l&rsquo;autod\u00e9termination le permet\u00a0\u00bb, a d\u00e9nonc\u00e9 le ministre de l&rsquo;Int\u00e9rieur conservateur Alexander Dobrindt.<\/p>\n<p>Quoi qu&rsquo;il en soit, Marla-Svenja Liebich ne s&rsquo;est pas priv\u00e9e de narguer les autorit\u00e9s allemandes, dont un porte-parole de la police a d\u00e9clar\u00e9 que Liebich avait pr\u00e9venu ses services de son projet de fuite par un message audio. \u00ab\u00a0Ce qui suit\u00a0? Un mandat d&rsquo;arr\u00eat international \u2013 simplement pour des mots, pour des opinions\u00a0\u00bb, a-t-elle \u00e9crit. \u00ab\u00a0La police est alert\u00e9e \u00e0 l&rsquo;\u00e9chelle internationale pour traquer une femme qui risque la prison pour ses propos\u00a0\u00bb, a continu\u00e9 Liebich, concluant son post par un myst\u00e9rieux \u00ab\u00a0Bons baisers de Moscou\u00a0\u00bb.<\/p>\n<p>Toute l\u2019actualit\u00e9 \u00e0 1\u20ac le premier mois<\/p>\n<p><a href=\"https:\/\/abo.lepoint.fr\/?provenance=21EDI020098\" class=\"btn\" title=\"S&#039;abonner\" data-gtm=\"click:abo|display:abo\" data-campaign=\"paywall_maison\" target=\"_blank\" rel=\"noopener\">S&rsquo;abonner<\/a><\/p>\n<p>ou<\/p>\n","protected":false},"excerpt":{"rendered":"Vendredi 29\u00a0ao\u00fbt, Marla-Svenja Liebich, anciennement connue sous le nom de Sven Liebich, assign\u00e9 homme \u00e0 la naissance avant&hellip;\n","protected":false},"author":2,"featured_media":355425,"comment_status":"","ping_status":"","sticky":false,"template":"","format":"standard","meta":{"footnotes":""},"categories":[1587],"tags":[11,672,1804,1805,1803,1777,674,1801,12,1802,19853],"class_list":{"0":"post-355424","1":"post","2":"type-post","3":"status-publish","4":"format-standard","5":"has-post-thumbnail","7":"category-allemagne","8":"tag-actualites","9":"tag-allemagne","10":"tag-bundesrepublik-deutschland","11":"tag-de","12":"tag-deutschland","13":"tag-eu","14":"tag-europe","15":"tag-germany","16":"tag-news","17":"tag-republique-federale-dallemagne","18":"tag-ultradroite"},"share_on_mastodon":{"url":"https:\/\/pubeurope.com\/@fr\/115120523936923810","error":""},"_links":{"self":[{"href":"https:\/\/www.europesays.com\/fr\/wp-json\/wp\/v2\/posts\/355424","targetHints":{"allow":["GET"]}}],"collection":[{"href":"https:\/\/www.europesays.com\/fr\/wp-json\/wp\/v2\/posts"}],"about":[{"href":"https:\/\/www.europesays.com\/fr\/wp-json\/wp\/v2\/types\/post"}],"author":[{"embeddable":true,"href":"https:\/\/www.europesays.com\/fr\/wp-json\/wp\/v2\/users\/2"}],"replies":[{"embeddable":true,"href":"https:\/\/www.europesays.com\/fr\/wp-json\/wp\/v2\/comments?post=355424"}],"version-history":[{"count":0,"href":"https:\/\/www.europesays.com\/fr\/wp-json\/wp\/v2\/posts\/355424\/revisions"}],"wp:featuredmedia":[{"embeddable":true,"href":"https:\/\/www.europesays.com\/fr\/wp-json\/wp\/v2\/media\/355425"}],"wp:attachment":[{"href":"https:\/\/www.europesays.com\/fr\/wp-json\/wp\/v2\/media?parent=355424"}],"wp:term":[{"taxonomy":"category","embeddable":true,"href":"https:\/\/www.europesays.com\/fr\/wp-json\/wp\/v2\/categories?post=355424"},{"taxonomy":"post_tag","embeddable":true,"href":"https:\/\/www.europesays.com\/fr\/wp-json\/wp\/v2\/tags?post=355424"}],"curies":[{"name":"wp","href":"https:\/\/api.w.org\/{rel}","templated":true}]}}