{"id":355426,"date":"2025-08-31T00:22:17","date_gmt":"2025-08-31T00:22:17","guid":{"rendered":"https:\/\/www.europesays.com\/fr\/355426\/"},"modified":"2025-08-31T00:22:17","modified_gmt":"2025-08-31T00:22:17","slug":"les-premieres-byd-dolphin-surf-made-in-thailande-partent-pour-leurope","status":"publish","type":"post","link":"https:\/\/www.europesays.com\/fr\/355426\/","title":{"rendered":"Les premi\u00e8res BYD Dolphin Surf \u00ab\u00a0made in Tha\u00eflande\u00a0\u00bb partent pour l&rsquo;Europe"},"content":{"rendered":"<p>Une flotte de BYD Dolphin Surf est en route pour l\u2019Europe. C&rsquo;est ce que rapporte le magazine Automotive News\u00a0qui cite, \u00e0 son tour, des informations officielles publi\u00e9es par la division tha\u00eflandaise de l&rsquo;entreprise. En effet, c&rsquo;est depuis la Tha\u00eflande que le constructeur chinois a envoy\u00e9 le navire cargo avec \u00e0 son bord plus de 900 exemplaires de cette petite voiture \u00e9lectrique, vendue\u00a0au prix de 19 940 euros.<\/p>\n<p>L\u00e0-bas, pr\u00e9cis\u00e9ment dans la province de Rayong, le fabricant de Shenzhen a \u00e9tabli une usine avec une capacit\u00e9 de production de 150 000 v\u00e9hicules enti\u00e8rement \u00e9lectriques et hybrides rechargeables par an, op\u00e9rationnelle d\u00e8s juillet 2024.<\/p>\n<p>Taxes ? Non, merci !<\/p>\n<p>Objectif : contourner les nouvelles taxes de l\u2019Union europ\u00e9enne, en vigueur sur les v\u00e9hicules chinois \u00e0 partir de fin octobre 2024 et s&rsquo;\u00e9levant, pour <a href=\"https:\/\/fr.motor1.com\/byd\/\" data-inline-widget=\"internal-links\" data-type-id=\"2\" data-params=\"%7B%22alias%22%3A%22byd%22%7D\" rel=\"nofollow noopener\" target=\"_blank\">BYD<\/a>, \u00e0 27% de la valeur du v\u00e9hicule. Reste une taxe de 10% appliqu\u00e9e aux importations depuis la Tha\u00eflande<\/p>\n<p>Une fois le voyage termin\u00e9 (le premier depuis le pays vers le Vieux Continent), les v\u00e9hicules d\u00e9barqueront dans des pays comme l&rsquo;Allemagne, la Belgique et les Pays-Bas.<\/p>\n<p>Pour s&rsquo;\u00e9tendre davantage, l&rsquo;entreprise a d\u00e9j\u00e0 annonc\u00e9 la construction d&rsquo;une autre usine, cette fois en Malaisie, dans l&rsquo;\u00c9tat de Perak. D&rsquo;une superficie de 600 000 m\u00e8tres carr\u00e9s, elle sera op\u00e9rationnelle \u00e0 partir de la deuxi\u00e8me moiti\u00e9 de 2026.<\/p>\n<p>BYD Dolphin Surf : ce qu&rsquo;il faut savoir<\/p>\n<p>Rappelons maintenant de quelle voiture nous parlons. La <a href=\"https:\/\/fr.motor1.com\/news\/760353\/byd-dolphin-surf-electrique\/\" data-inline-widget=\"internal-links\" data-type-id=\"0\" data-params=\"%7B%22article_edition_id%22%3A%22760353%22%2C%22section%22%3A%221%22%2C%22alias%22%3A%22byd-dolphin-surf-electrique%22%7D\" rel=\"nofollow noopener\" target=\"_blank\">BYD Dolphin Surf<\/a>\u00a0est la version europ\u00e9enne de la chinoise BYD Seagull. Propos\u00e9e \u00e0 moins de 20 000 euros, c&rsquo;est une citadine avec un habitacle suffisamment spacieux, une conduite agile et une autonomie (d\u00e9clar\u00e9e) de 220-310 km, selon la version.<\/p>\n<p>\u00a0<\/p>\n<p>                            <a href=\"http:\/\/fr.motor1.com\/photos\/905329\/byd-dolphin-surf-2025\/#8125706_byd-dolphin-surf\" class=\"msnt-photo-thumb-gallery-main-photo-box\" rel=\"nofollow noopener\" target=\"_blank\"><\/p>\n<p>                                    <img decoding=\"async\" src=\"https:\/\/www.europesays.com\/fr\/wp-content\/uploads\/2025\/04\/16x9-tr.png\" loading=\"lazy\" alt=\"BYD Dolphin Surf\" width=\"16\" height=\"9\"\/><\/p>\n<p>                            <\/a><\/p>\n<p>                                    5                                <\/p>\n","protected":false},"excerpt":{"rendered":"Une flotte de BYD Dolphin Surf est en route pour l\u2019Europe. C&rsquo;est ce que rapporte le magazine Automotive&hellip;\n","protected":false},"author":2,"featured_media":355427,"comment_status":"","ping_status":"","sticky":false,"template":"","format":"standard","meta":{"footnotes":""},"categories":[1586],"tags":[11,1777,674,1011,27,693,12,25],"class_list":{"0":"post-355426","1":"post","2":"type-post","3":"status-publish","4":"format-standard","5":"has-post-thumbnail","7":"category-europe","8":"tag-actualites","9":"tag-eu","10":"tag-europe","11":"tag-fr","12":"tag-france","13":"tag-industrie","14":"tag-news","15":"tag-republique-francaise"},"share_on_mastodon":{"url":"https:\/\/pubeurope.com\/@fr\/115120527543712827","error":""},"_links":{"self":[{"href":"https:\/\/www.europesays.com\/fr\/wp-json\/wp\/v2\/posts\/355426","targetHints":{"allow":["GET"]}}],"collection":[{"href":"https:\/\/www.europesays.com\/fr\/wp-json\/wp\/v2\/posts"}],"about":[{"href":"https:\/\/www.europesays.com\/fr\/wp-json\/wp\/v2\/types\/post"}],"author":[{"embeddable":true,"href":"https:\/\/www.europesays.com\/fr\/wp-json\/wp\/v2\/users\/2"}],"replies":[{"embeddable":true,"href":"https:\/\/www.europesays.com\/fr\/wp-json\/wp\/v2\/comments?post=355426"}],"version-history":[{"count":0,"href":"https:\/\/www.europesays.com\/fr\/wp-json\/wp\/v2\/posts\/355426\/revisions"}],"wp:featuredmedia":[{"embeddable":true,"href":"https:\/\/www.europesays.com\/fr\/wp-json\/wp\/v2\/media\/355427"}],"wp:attachment":[{"href":"https:\/\/www.europesays.com\/fr\/wp-json\/wp\/v2\/media?parent=355426"}],"wp:term":[{"taxonomy":"category","embeddable":true,"href":"https:\/\/www.europesays.com\/fr\/wp-json\/wp\/v2\/categories?post=355426"},{"taxonomy":"post_tag","embeddable":true,"href":"https:\/\/www.europesays.com\/fr\/wp-json\/wp\/v2\/tags?post=355426"}],"curies":[{"name":"wp","href":"https:\/\/api.w.org\/{rel}","templated":true}]}}