{"id":355455,"date":"2025-08-31T00:40:10","date_gmt":"2025-08-31T00:40:10","guid":{"rendered":"https:\/\/www.europesays.com\/fr\/355455\/"},"modified":"2025-08-31T00:40:10","modified_gmt":"2025-08-31T00:40:10","slug":"un-membre-du-wu-tang-clan-assurera-le-show-pres-de-saint-brieuc-le-18-septembre","status":"publish","type":"post","link":"https:\/\/www.europesays.com\/fr\/355455\/","title":{"rendered":"Un membre du Wu-Tang Clan assurera le show pr\u00e8s de Saint-Brieuc le 18\u00a0septembre"},"content":{"rendered":"<p>Le Wu-Tang Clan, l\u00e9gendaire formation de rap fond\u00e9e au d\u00e9but des ann\u00e9es 90 \u00e0 New-York, d\u00e9barque tout pr\u00e8s de Saint-Brieuc, le jeudi 18 septembre. On doit \u00e0 ce groupe culte des titres comme \u00ab\u00a0C.R.E.A.M\u00a0\u00bb, \u00ab\u00a0Protect Ya Neck\u00a0\u00bb ou encore \u00ab\u00a0Triumph\u00a0\u00bb. Ses membres, qui ont fait leurs adieux au public cet \u00e9t\u00e9 avec une tourn\u00e9e baptis\u00e9e \u00ab\u00a0Wu-Tang Forever\u00a0: The Final Chamber\u00a0\u00bb, seront repr\u00e9sent\u00e9s par Cappadonna. C\u2019est lui qui fera \u00e9tape dans les C\u00f4tes-d\u2019Armor, au Cin\u00e9land de Tr\u00e9gueux.<\/p>\n<blockquote class=\"instagram-media\" data-instgrm-captioned=\"\" data-instgrm-permalink=\"https:\/\/www.instagram.com\/reel\/DN_XvW8jXsK\/?utm_source=ig_embed&amp;utm_campaign=loading\" data-instgrm-version=\"14\" style=\" background:#FFF; border:0; border-radius:3px; box-shadow:0 0 1px 0 rgba(0,0,0,0.5),0 1px 10px 0 rgba(0,0,0,0.15); margin: 1px; max-width:540px; min-width:326px; padding:0; width:99.375%; width:-webkit-calc(100% - 2px); width:calc(100% - 2px);\"\/>\n<p>L\u2019occasion de pr\u00e9senter le film \u00ab\u00a0Wu Tang Experience\u00a0\u00bb, r\u00e9alis\u00e9 par RZA (le leader du groupe) et Gerald Barclay, qui sortira au cin\u00e9ma la veille et d\u2019offrir un concert priv\u00e9, aussi, ainsi qu\u2019une s\u00e9ance de d\u00e9dicaces aux fans. Selon nos informations, la soir\u00e9e devrait d\u00e9buter sur les coups de 19\u00a0h pour s\u2019achever vers 23\u00a0h.<\/p>\n<p>Tout est parti d\u2019une blague<\/p>\n<p>La venue de l\u2019Am\u00e9ricain, originaire de Staten Island, a \u00e9t\u00e9 impuls\u00e9e par <a href=\"https:\/\/www.letelegramme.fr\/t-plus\/un-gout-d-insolite-avec-les-cremes-glacees-de-christelle-190312.php\" target=\"_blank\" rel=\"noopener\">Christelle Oul\u00e9a, de C\u2019Doudeh Atelier<\/a>. La cr\u00e9atrice de glaces, <a href=\"https:\/\/www.letelegramme.fr\/cotes-d-armor\/saint-brieuc-22000\/les-glaces-cdoudeh-demenagent-a-saint-brieuc-6668122.php\" target=\"_blank\" rel=\"noopener\">install\u00e9e \u00e0 Saint-Brieuc depuis septembre dernier<\/a>, a rencontr\u00e9 le Wu-Tang Clan lors des Jeux olympiques 2024, \u00e0 Paris. Ses glaces ont fait un malheur aupr\u00e8s des membres du groupe, qu\u2019elle a invit\u00e9s &#8211; sur le ton de la plaisanterie &#8211; \u00e0 venir visiter la cit\u00e9 gentille.<\/p>\n<p>La blague s\u2019est finalement concr\u00e9tis\u00e9e avec l\u2019aide du magasin de musique Loops, de l\u2019incubateur de start-up Village by CA et de Cin\u00e9land, donc, qui ont tous \u0153uvr\u00e9 \u00e0 rendre possible la tenue d\u2019un tel \u00e9v\u00e9nement.<\/p>\n<p><script async src=\"\/\/www.instagram.com\/embed.js\"><\/script><\/p>\n","protected":false},"excerpt":{"rendered":"Le Wu-Tang Clan, l\u00e9gendaire formation de rap fond\u00e9e au d\u00e9but des ann\u00e9es 90 \u00e0 New-York, d\u00e9barque tout pr\u00e8s&hellip;\n","protected":false},"author":2,"featured_media":355456,"comment_status":"","ping_status":"","sticky":false,"template":"","format":"standard","meta":{"footnotes":""},"categories":[1355],"tags":[11,829,2171,251,872,58,765,59,1011,27,1361,873,4937,49152],"class_list":{"0":"post-355455","1":"post","2":"type-post","3":"status-publish","4":"format-standard","5":"has-post-thumbnail","7":"category-musique","8":"tag-actualites","9":"tag-bretagne","10":"tag-cotes-darmor","11":"tag-culture","12":"tag-culture-et-loisirs","13":"tag-divertissement","14":"tag-en-continu","15":"tag-entertainment","16":"tag-fr","17":"tag-france","18":"tag-music","19":"tag-musique","20":"tag-saint-brieuc","21":"tag-tregueux"},"share_on_mastodon":{"url":"https:\/\/pubeurope.com\/@fr\/115120598364540963","error":""},"_links":{"self":[{"href":"https:\/\/www.europesays.com\/fr\/wp-json\/wp\/v2\/posts\/355455","targetHints":{"allow":["GET"]}}],"collection":[{"href":"https:\/\/www.europesays.com\/fr\/wp-json\/wp\/v2\/posts"}],"about":[{"href":"https:\/\/www.europesays.com\/fr\/wp-json\/wp\/v2\/types\/post"}],"author":[{"embeddable":true,"href":"https:\/\/www.europesays.com\/fr\/wp-json\/wp\/v2\/users\/2"}],"replies":[{"embeddable":true,"href":"https:\/\/www.europesays.com\/fr\/wp-json\/wp\/v2\/comments?post=355455"}],"version-history":[{"count":0,"href":"https:\/\/www.europesays.com\/fr\/wp-json\/wp\/v2\/posts\/355455\/revisions"}],"wp:featuredmedia":[{"embeddable":true,"href":"https:\/\/www.europesays.com\/fr\/wp-json\/wp\/v2\/media\/355456"}],"wp:attachment":[{"href":"https:\/\/www.europesays.com\/fr\/wp-json\/wp\/v2\/media?parent=355455"}],"wp:term":[{"taxonomy":"category","embeddable":true,"href":"https:\/\/www.europesays.com\/fr\/wp-json\/wp\/v2\/categories?post=355455"},{"taxonomy":"post_tag","embeddable":true,"href":"https:\/\/www.europesays.com\/fr\/wp-json\/wp\/v2\/tags?post=355455"}],"curies":[{"name":"wp","href":"https:\/\/api.w.org\/{rel}","templated":true}]}}