{"id":355471,"date":"2025-08-31T00:48:11","date_gmt":"2025-08-31T00:48:11","guid":{"rendered":"https:\/\/www.europesays.com\/fr\/355471\/"},"modified":"2025-08-31T00:48:11","modified_gmt":"2025-08-31T00:48:11","slug":"en-cas-delections-legislatives-le-rn-serait-largement-en-tete-selon-un-sondage","status":"publish","type":"post","link":"https:\/\/www.europesays.com\/fr\/355471\/","title":{"rendered":"En cas d&rsquo;\u00e9lections l\u00e9gislatives, le RN serait largement en t\u00eate, selon un sondage"},"content":{"rendered":"<p>Et si les Fran\u00e7aises et les Fran\u00e7ais retrounaient aux urnes pour des \u00e9lections l\u00e9gislatives anticip\u00e9es&#8230; C&rsquo;est un sc\u00e9nario plausible si Fran\u00e7ois Bayrou n&rsquo;obtient pas la confiance de l&rsquo;Assembl\u00e9e nationale le 8 septembre. En cas de dissolution et d&rsquo;\u00e9lection, le RN alli\u00e9 au parti d&rsquo;Eric Ciotti serait largement en t\u00eate au premier tour, avec 31% des voix, et pourrait b\u00e9n\u00e9ficier d&rsquo;un affaiblissement du \u00ab\u00a0front r\u00e9publicain\u00a0\u00bb au second, selon un sondage Elabe pour BFM TV et La Tribune Dimanche.<\/p>\n<\/p>\n<p>Selon cette enqu\u00eate, r\u00e9alis\u00e9e jeudi et vendredi, donc apr\u00e8s l&rsquo;annonce surprise lundi d&rsquo;un vote de confiance \u00e0 l&rsquo;Assembl\u00e9e le 8 septembre, le Rassemblement national obtiendrait autour de 31% des voix selon les hypoth\u00e8ses (33% aux l\u00e9gislatives de juin 2024) et Reconqu\u00eate 5%.<\/p>\n<p>Flou au second tour<\/p>\n<p>La gauche obtiendrait 23,5% des suffrages si elle \u00e9tait unie (28% en juin 2024). Si elle \u00e9tait divis\u00e9e, une alliance entre les socialistes, \u00e9cologistes et communistes recueillerait 16,5% des voix contre 10% pour les Insoumis. Les divers gauche auraient entre 5 et 6,5% des voix.<\/p>\n<p>Le bloc central Ensemble (Renaissance, MoDem et Horizons) serait le grand perdant avec seulement 14% des voix, soit pr\u00e8s de 7 points de moins qu&rsquo;en 2024. Les LR obtiendraient de leur c\u00f4t\u00e9 10,5% des voix.<\/p>\n<p>Un front fissur\u00e9 ?<\/p>\n<p>Au second tour, le RN pourrait b\u00e9n\u00e9ficier d&rsquo;un front r\u00e9publicain moins puissant qu&rsquo;en 2024. Celui-ci est rejet\u00e9 par 57% des \u00e9lecteurs (31% de ceux d&rsquo;Ensemble et 19% des \u00e9lecteurs du Nouveau Front populaire). En 2024, ce front r\u00e9publicain avait priv\u00e9 le RN de plusieurs dizaines de d\u00e9put\u00e9s au second tour.<\/p>\n<p><a href=\"https:\/\/www.20minutes.fr\/politique\/\" class=\"c-link c-btn c-btn--primary\" target=\"_blank\" rel=\"noopener\">Notre rubrique Politique<\/a><\/p>\n<p>Ce sondage a \u00e9t\u00e9 r\u00e9alis\u00e9 sur la base d&rsquo;intentions de vote portant sur une offre politique homog\u00e8ne dans toutes les circonscriptions alors qu&rsquo;en 2024 Ensemble n&rsquo;avait pr\u00e9sent\u00e9 des candidats que dans 80% des circonscriptions, LR dans 60% et que Reconqu\u00eate \u00e9tait peu pr\u00e9sent.<\/p>\n<p>Il a \u00e9t\u00e9 r\u00e9alis\u00e9 par internet du 28 au 29 ao\u00fbt aupr\u00e8s d&rsquo;un \u00e9chantillon repr\u00e9sentatif de 1.678 personnes, dont 1.563 inscrites sur les listes \u00e9lectorales.<\/p>\n","protected":false},"excerpt":{"rendered":"Et si les Fran\u00e7aises et les Fran\u00e7ais retrounaient aux urnes pour des \u00e9lections l\u00e9gislatives anticip\u00e9es&#8230; C&rsquo;est un sc\u00e9nario&hellip;\n","protected":false},"author":2,"featured_media":355472,"comment_status":"","ping_status":"","sticky":false,"template":"","format":"standard","meta":{"footnotes":""},"categories":[4],"tags":[47,11,13281,5949,1011,27,1077,12,316,2556,25],"class_list":{"0":"post-355471","1":"post","2":"type-post","3":"status-publish","4":"format-standard","5":"has-post-thumbnail","7":"category-france","8":"tag-actualite","9":"tag-actualites","10":"tag-dissolution-de-lassemblee-nationale","11":"tag-elections","12":"tag-fr","13":"tag-france","14":"tag-jordan-bardella","15":"tag-news","16":"tag-politique","17":"tag-rassemblement-national-rn","18":"tag-republique-francaise"},"share_on_mastodon":{"url":"https:\/\/pubeurope.com\/@fr\/115120629634417631","error":""},"_links":{"self":[{"href":"https:\/\/www.europesays.com\/fr\/wp-json\/wp\/v2\/posts\/355471","targetHints":{"allow":["GET"]}}],"collection":[{"href":"https:\/\/www.europesays.com\/fr\/wp-json\/wp\/v2\/posts"}],"about":[{"href":"https:\/\/www.europesays.com\/fr\/wp-json\/wp\/v2\/types\/post"}],"author":[{"embeddable":true,"href":"https:\/\/www.europesays.com\/fr\/wp-json\/wp\/v2\/users\/2"}],"replies":[{"embeddable":true,"href":"https:\/\/www.europesays.com\/fr\/wp-json\/wp\/v2\/comments?post=355471"}],"version-history":[{"count":0,"href":"https:\/\/www.europesays.com\/fr\/wp-json\/wp\/v2\/posts\/355471\/revisions"}],"wp:featuredmedia":[{"embeddable":true,"href":"https:\/\/www.europesays.com\/fr\/wp-json\/wp\/v2\/media\/355472"}],"wp:attachment":[{"href":"https:\/\/www.europesays.com\/fr\/wp-json\/wp\/v2\/media?parent=355471"}],"wp:term":[{"taxonomy":"category","embeddable":true,"href":"https:\/\/www.europesays.com\/fr\/wp-json\/wp\/v2\/categories?post=355471"},{"taxonomy":"post_tag","embeddable":true,"href":"https:\/\/www.europesays.com\/fr\/wp-json\/wp\/v2\/tags?post=355471"}],"curies":[{"name":"wp","href":"https:\/\/api.w.org\/{rel}","templated":true}]}}