{"id":355473,"date":"2025-08-31T00:49:10","date_gmt":"2025-08-31T00:49:10","guid":{"rendered":"https:\/\/www.europesays.com\/fr\/355473\/"},"modified":"2025-08-31T00:49:10","modified_gmt":"2025-08-31T00:49:10","slug":"le-rn-largement-en-tete-en-cas-de-nouvelles-elections-legislatives-selon-un-sondage","status":"publish","type":"post","link":"https:\/\/www.europesays.com\/fr\/355473\/","title":{"rendered":"Le RN largement en t\u00eate en cas de nouvelles \u00e9lections l\u00e9gislatives, selon un sondage"},"content":{"rendered":"<p>Selon une enqu\u00eate r\u00e9alis\u00e9e jeudi et vendredi, le Rassemblement national serait largement en t\u00eate au premier tour d\u2019\u00e9lections l\u00e9gislatives anticip\u00e9es, avec 31% des voix.<\/p>\n<p class=\"fig-paragraph\">Le RN alli\u00e9 au parti d&rsquo;<a href=\"http:\/\/www.lefigaro.fr\/elections\/municipales\/municipales-2026-eric-ciotti-officialise-sa-candidature-a-nice-20250827\" target=\"_blank\" data-fig-type=\"NewsFlash\" rel=\"noopener\" data-gtm-custom-categorie=\"navigation\" data-gtm-custom-action=\"crossclick\" data-gtm-custom-label=\"Contextuel\" data-gtm-event=\"customEventSPE\" data-fig-domain=\"LEFIGARO\">\u00c9ric Ciotti<\/a>\u00a0serait largement en t\u00eate au premier tour de nouvelles \u00e9lections l\u00e9gislatives, avec 31% des voix, et pourrait b\u00e9n\u00e9ficier d&rsquo;un affaiblissement du \u00abfront r\u00e9publicain\u00bb au second, selon un sondage Elabe pour BFMTV et\u00a0La Tribune Dimanche.<\/p>\n<p class=\"fig-paragraph\">Selon cette enqu\u00eate, r\u00e9alis\u00e9e jeudi et vendredi, donc apr\u00e8s l&rsquo;annonce surprise lundi d&rsquo;un\u00a0<a href=\"http:\/\/www.lefigaro.fr\/politique\/vote-de-confiance-laurent-wauquiez-reclame-une-consultation-des-adherents-du-parti-et-charge-francois-bayrou-20250830\" target=\"_blank\" data-fig-type=\"NewsFlash\" rel=\"noopener\" data-gtm-custom-categorie=\"navigation\" data-gtm-custom-action=\"crossclick\" data-gtm-custom-label=\"Contextuel\" data-gtm-event=\"customEventSPE\" data-fig-domain=\"LEFIGARO\">vote de confiance<\/a>\u00a0\u00e0 l&rsquo;Assembl\u00e9e le 8 septembre, le Rassemblement national obtiendrait autour de 31% des voix selon les hypoth\u00e8ses (33% aux l\u00e9gislatives de juin 2024) et Reconqu\u00eate 5%.<\/p>\n<p>                                    <a class=\"fig-a11y-skip a11y-hidden\" href=\"#fig-a11y-skip-main-inarticle\"><br \/>\n        Passer la publicit\u00e9<br \/>\n    <\/a><\/p>\n<p class=\"fig-paragraph\">La gauche obtiendrait 23,5% des suffrages si elle \u00e9tait unie (28% en juin 2024). Si elle \u00e9tait divis\u00e9e, une alliance entre les socialistes, \u00e9cologistes et communistes recueillerait 16,5% des voix contre 10% pour les Insoumis. Les divers gauche auraient entre 5 et 6,5% des voix.<\/p>\n<p class=\"fig-paragraph\">Le bloc central Ensemble (Renaissance, MoDem et Horizons) serait le grand perdant avec seulement 14% des voix, soit pr\u00e8s de 7 points de moins qu&rsquo;en 2024. Les LR obtiendraient de leur c\u00f4t\u00e9 10,5% des voix.<\/p>\n<p>Front r\u00e9publicain moins puissant qu\u2019en 2024<\/p>\n<p class=\"fig-paragraph\">Au second tour, le RN pourrait b\u00e9n\u00e9ficier d&rsquo;un front r\u00e9publicain moins puissant qu&rsquo;en 2024. Celui-ci est rejet\u00e9 par 57% des \u00e9lecteurs (31% de ceux d&rsquo;Ensemble et 19% des \u00e9lecteurs du Nouveau Front populaire). En 2024, ce front r\u00e9publicain avait priv\u00e9 le RN de plusieurs dizaines de d\u00e9put\u00e9s au second tour.<\/p>\n<p class=\"fig-paragraph\">Ce sondage a \u00e9t\u00e9 r\u00e9alis\u00e9 sur la base d&rsquo;intentions de vote portant sur une offre politique homog\u00e8ne dans toutes les circonscriptions alors qu&rsquo;en 2024 Ensemble n&rsquo;avait pr\u00e9sent\u00e9 des candidats que dans 80% des circonscriptions, LR dans 60% et que Reconqu\u00eate \u00e9tait peu pr\u00e9sent.<\/p>\n<p class=\"fig-paragraph\">Il a \u00e9t\u00e9 r\u00e9alis\u00e9 par internet du 28 au 29 ao\u00fbt aupr\u00e8s d&rsquo;un \u00e9chantillon repr\u00e9sentatif de 1678 personnes, dont 1563 inscrites sur les listes \u00e9lectorales.<\/p>\n","protected":false},"excerpt":{"rendered":"Selon une enqu\u00eate r\u00e9alis\u00e9e jeudi et vendredi, le Rassemblement national serait largement en t\u00eate au premier tour d\u2019\u00e9lections&hellip;\n","protected":false},"author":2,"featured_media":355474,"comment_status":"","ping_status":"","sticky":false,"template":"","format":"standard","meta":{"footnotes":""},"categories":[2],"tags":[11,8513,1011,27,12,1078,13947],"class_list":{"0":"post-355473","1":"post","2":"type-post","3":"status-publish","4":"format-standard","5":"has-post-thumbnail","7":"category-actualites","8":"tag-actualites","9":"tag-elections-legislatives","10":"tag-fr","11":"tag-france","12":"tag-news","13":"tag-rassemblement-national","14":"tag-sondage"},"share_on_mastodon":{"url":"https:\/\/pubeurope.com\/@fr\/115120633596500706","error":""},"_links":{"self":[{"href":"https:\/\/www.europesays.com\/fr\/wp-json\/wp\/v2\/posts\/355473","targetHints":{"allow":["GET"]}}],"collection":[{"href":"https:\/\/www.europesays.com\/fr\/wp-json\/wp\/v2\/posts"}],"about":[{"href":"https:\/\/www.europesays.com\/fr\/wp-json\/wp\/v2\/types\/post"}],"author":[{"embeddable":true,"href":"https:\/\/www.europesays.com\/fr\/wp-json\/wp\/v2\/users\/2"}],"replies":[{"embeddable":true,"href":"https:\/\/www.europesays.com\/fr\/wp-json\/wp\/v2\/comments?post=355473"}],"version-history":[{"count":0,"href":"https:\/\/www.europesays.com\/fr\/wp-json\/wp\/v2\/posts\/355473\/revisions"}],"wp:featuredmedia":[{"embeddable":true,"href":"https:\/\/www.europesays.com\/fr\/wp-json\/wp\/v2\/media\/355474"}],"wp:attachment":[{"href":"https:\/\/www.europesays.com\/fr\/wp-json\/wp\/v2\/media?parent=355473"}],"wp:term":[{"taxonomy":"category","embeddable":true,"href":"https:\/\/www.europesays.com\/fr\/wp-json\/wp\/v2\/categories?post=355473"},{"taxonomy":"post_tag","embeddable":true,"href":"https:\/\/www.europesays.com\/fr\/wp-json\/wp\/v2\/tags?post=355473"}],"curies":[{"name":"wp","href":"https:\/\/api.w.org\/{rel}","templated":true}]}}