{"id":355476,"date":"2025-08-31T00:51:10","date_gmt":"2025-08-31T00:51:10","guid":{"rendered":"https:\/\/www.europesays.com\/fr\/355476\/"},"modified":"2025-08-31T00:51:10","modified_gmt":"2025-08-31T00:51:10","slug":"saint-etienne-en-alerte-pour-mahmoud-jaber","status":"publish","type":"post","link":"https:\/\/www.europesays.com\/fr\/355476\/","title":{"rendered":"Saint-\u00c9tienne en alerte pour Mahmoud Jaber"},"content":{"rendered":"<p>\t\t\tAfficher l\u2019index Masquer l\u2019index <\/p>\n<p>Leader de <strong>Ligue 2<\/strong> apr\u00e8s son nul contre <strong>Grenoble<\/strong> (1-1), l\u2019<strong>ASSE<\/strong> doit g\u00e9rer une inqui\u00e9tante blessure \u00e0 la cheville de <strong>Mahmoud Jaber<\/strong>. Son entra\u00eeneur, <strong>Eirik Horneland<\/strong>, a livr\u00e9 des pr\u00e9cisions apr\u00e8s la rencontre qui inqui\u00e8tent les supporters st\u00e9phanois.<\/p>\n<p>ASSE : Moueffek m\u00e9nag\u00e9 pour \u00e9viter le pire\t<\/p>\n<p>Samedi soir, le stade Geoffroy-Guichard a retenu son souffle \u00e0 la mi-temps lorsque A\u00efmen Moueffek et Mahmoud Jaber ont \u00e9t\u00e9 contraints de quitter le terrain simultan\u00e9ment. Interrog\u00e9 apr\u00e8s le match, Horneland a voulu rassurer sur la situation du milieu de terrain : \u00ab A\u00efmen, on savait qu\u2019il \u00e9tait en d\u00e9licatesse avec ses ischios. Il fallait qu\u2019on prenne soin de lui. \u00bb<\/p>\n<p><strong>Lire aussi : <a href=\"https:\/\/www.foot-sur7.fr\/692662-asse-ligue-2-horneland-hyper-exigeant-avant-grenoble\" rel=\"nofollow noopener\" target=\"_blank\">ASSE : Ligue 2, Horneland hyper exigeant avant Grenoble<\/a><\/strong><\/p>\n<p>Une d\u00e9cision avant tout pr\u00e9ventive pour \u00e9viter une aggravation de sa g\u00eane musculaire. Moueffek reste donc incertain pour les prochains matchs, mais l\u2019entra\u00eeneur st\u00e9phanois se montre confiant sur sa r\u00e9cup\u00e9ration rapide et son retour probable dans le onze de d\u00e9part.<\/p>\n<p>Jaber touch\u00e9 \u00e0 la cheville<\/p>\n<p>Plus inqui\u00e9tant, Mahmoud Jaber a quitt\u00e9 le terrain apr\u00e8s un tacle appuy\u00e9 re\u00e7u en premi\u00e8re p\u00e9riode. Horneland a expliqu\u00e9 la gravit\u00e9 de la situation : \u00ab Il a pris un beau tacle au niveau de la cheville, avec une belle ouverture. Il a d\u00fb \u00eatre recousu \u00e0 la mi-temps. \u00bb<\/p>\n<p><a class=\"related-article simple\" href=\"https:\/\/www.foot-sur7.fr\/692723-om-rabiot-joue-sa-carte-maitresse-marseille-transpire\" rel=\"nofollow noopener\" target=\"_blank\">\u00c0 voirOM : Rabiot joue sa carte ma\u00eetresse\u2026 Marseille transpire !<\/a><\/p>\n<p><a href=\"https:\/\/www.foot-sur7.fr\/692635-mercato-asse-un-danger-plane-pour-stassin-et-davitashvili\" rel=\"nofollow noopener\" target=\"_blank\"><strong>Mercato ASSE : Un danger plane pour Stassin et Davitashvili<\/strong><\/a><\/p>\n<p>Le milieu de terrain, pi\u00e8ce ma\u00eetresse du dispositif, pourrait manquer la tr\u00eave internationale. L\u2019entra\u00eeneur a d\u2019ailleurs ajout\u00e9 : \u00ab Il y a des chances qu\u2019il soit priv\u00e9 de sa semaine internationale. \u00bb Une nouvelle qui fait craindre aux supporters st\u00e9phanois une absence prolong\u00e9e pour leur joueur cl\u00e9.<\/p>\n<p>Saint-Etienne reste leader<\/p>\n<p>Malgr\u00e9 ces contretemps, Saint-\u00c9tienne conserve la t\u00eate de Ligue 2 apr\u00e8s quatre journ\u00e9es. Le point obtenu face \u00e0 Grenoble, bien que frustrant, maintient les Verts en position favorable avant la tr\u00eave. Les examens m\u00e9dicaux \u00e0 venir d\u00e9termineront la dur\u00e9e de l\u2019indisponibilit\u00e9 de Jaber, mais le d\u00e9but de saison solide du club reste un motif d\u2019espoir pour les supporters.<\/p>\n","protected":false},"excerpt":{"rendered":"Afficher l\u2019index Masquer l\u2019index Leader de Ligue 2 apr\u00e8s son nul contre Grenoble (1-1), l\u2019ASSE doit g\u00e9rer une&hellip;\n","protected":false},"author":2,"featured_media":354773,"comment_status":"","ping_status":"","sticky":false,"template":"","format":"standard","meta":{"footnotes":""},"categories":[9653],"tags":[1111,11,2430,1777,674,1011,27,12,25,4001],"class_list":{"0":"post-355476","1":"post","2":"type-post","3":"status-publish","4":"format-standard","5":"has-post-thumbnail","7":"category-saint-etienne","8":"tag-actu","9":"tag-actualites","10":"tag-auvergne-rhone-alpes","11":"tag-eu","12":"tag-europe","13":"tag-fr","14":"tag-france","15":"tag-news","16":"tag-republique-francaise","17":"tag-saint-etienne"},"share_on_mastodon":{"url":"https:\/\/pubeurope.com\/@fr\/115120641316184705","error":""},"_links":{"self":[{"href":"https:\/\/www.europesays.com\/fr\/wp-json\/wp\/v2\/posts\/355476","targetHints":{"allow":["GET"]}}],"collection":[{"href":"https:\/\/www.europesays.com\/fr\/wp-json\/wp\/v2\/posts"}],"about":[{"href":"https:\/\/www.europesays.com\/fr\/wp-json\/wp\/v2\/types\/post"}],"author":[{"embeddable":true,"href":"https:\/\/www.europesays.com\/fr\/wp-json\/wp\/v2\/users\/2"}],"replies":[{"embeddable":true,"href":"https:\/\/www.europesays.com\/fr\/wp-json\/wp\/v2\/comments?post=355476"}],"version-history":[{"count":0,"href":"https:\/\/www.europesays.com\/fr\/wp-json\/wp\/v2\/posts\/355476\/revisions"}],"wp:featuredmedia":[{"embeddable":true,"href":"https:\/\/www.europesays.com\/fr\/wp-json\/wp\/v2\/media\/354773"}],"wp:attachment":[{"href":"https:\/\/www.europesays.com\/fr\/wp-json\/wp\/v2\/media?parent=355476"}],"wp:term":[{"taxonomy":"category","embeddable":true,"href":"https:\/\/www.europesays.com\/fr\/wp-json\/wp\/v2\/categories?post=355476"},{"taxonomy":"post_tag","embeddable":true,"href":"https:\/\/www.europesays.com\/fr\/wp-json\/wp\/v2\/tags?post=355476"}],"curies":[{"name":"wp","href":"https:\/\/api.w.org\/{rel}","templated":true}]}}