{"id":355479,"date":"2025-08-31T00:55:22","date_gmt":"2025-08-31T00:55:22","guid":{"rendered":"https:\/\/www.europesays.com\/fr\/355479\/"},"modified":"2025-08-31T00:55:22","modified_gmt":"2025-08-31T00:55:22","slug":"a-six-fours-les-chiens-aussi-prennent-la-mer","status":"publish","type":"post","link":"https:\/\/www.europesays.com\/fr\/355479\/","title":{"rendered":"A Six-Fours, les chiens aussi prennent la mer"},"content":{"rendered":"<p>J\u00e9r\u00f4me Lamare a cr\u00e9\u00e9 Bruscain Paddle qui, comme son nom le laisse entendre, fait de la location, accompagn\u00e9e ou pas, de paddle et autres kayaks, du c\u00f4t\u00e9 du Brusc (1). Mais J\u00e9r\u00f4me est aussi un grand ami des b\u00eates, et l\u2019id\u00e9e lui est naturellement venue de proposer des balades dans la lagune pour les toutous et leurs humains, ensemble.<\/p>\n<p>\u00ab\u00a0On fournit tout l\u2019\u00e9quipement pour les chiens: gilet de sauvetage, boisson fra\u00eeche, friandises, sac \u00e9tanche, jouets\u2026 et c\u2019est parti.\u00a0\u00bb Mais la sortie de samedi matin \u00e9tait un peu particuli\u00e8re: \u00ab\u00a0On s\u2019associe avec la SPA de Marseille pour permettre \u00e0 des chiens de sortir du refuge. Aujourd\u2019hui, il y en a cinq, accompagn\u00e9s de neuf b\u00e9n\u00e9voles avec qui ils vont embarquer en kayak ou en paddle, pendant 1h30 environ, et pourquoi pas nager\u2026\u00a0\u00bb Capucine, \u00e9tudiante v\u00e9t\u00e9rinaire, fait \u00e9galement partie de l\u2019aventure.<\/p>\n<p>Des soutiens et d\u2019autres initiatives<\/p>\n<p>              <img ci-src=\"https:\/\/www.varmatin.com\/vie-locale\/protec\/DATA_ART_16146664-XEdKbISI.jpg?vh=873668&amp;ci_seal=1997c5f3a5\" alt=\"\"\/><br \/>\n        Entour\u00e9 de deux b\u00e9n\u00e9voles d\u00e9vou\u00e9es de la SPA de Marseille, P\u00e9pito a visiblement appr\u00e9ci\u00e9 cette dr\u00f4le de balade dans la lagune. Photos Luc Boutria <strong>Cr\u00e9dit photo pour le Web uniquement.<\/strong> <\/p>\n<p>Andr\u00e9a, l\u2019accompagnatrice d\u2019Odzo, un jack russel de 8 ans recueilli suite au d\u00e9c\u00e8s de son ma\u00eetre, ne savait pas s\u2019il avait d\u00e9j\u00e0 vu la mer avant ce jour. Mais, vu la pr\u00e9cipitation avec laquelle il est all\u00e9 \u00ab\u00a0go\u00fbter\u00a0\u00bb l\u2019eau, puis son aisance sur le paddle, si!<\/p>\n<p>Le contact fut moins imm\u00e9diat pour ses cong\u00e9n\u00e8res, pour la plupart issus de sauvetages (maltraitance, conditions de vie indignes\u2026). Pour le crois\u00e9 berger allemand Macho, les friandises ont \u00e9t\u00e9 utiles pour qu\u2019il accepte enfin d\u2019embarquer. Une fois install\u00e9 confortablement avec deux b\u00e9n\u00e9voles aimantes, il n\u2019a pas perdu une miette de cette dr\u00f4le de promenade.<\/p>\n<p>              <img ci-src=\"https:\/\/www.varmatin.com\/vie-locale\/protec\/DATA_ART_16146661-KpYDaV1a.jpg?vh=507c26&amp;ci_seal=f16e509136\" alt=\"\"\/><br \/>\n        J\u00e9r\u00f4me Lamare, ici avec un chien&#13;<br \/>\n\u00e0 l\u2019adoption de la SPA lors d\u2019une pr\u00e9c\u00e9dente sortie. Photo DR <\/p>\n<p>Pablo, une \u00ab\u00a0cr\u00e8me\u00a0\u00bb de pitbull \u00e2g\u00e9 de 5 ans, a profit\u00e9 sans jamais broncher: \u00ab\u00a0Comme tous les molosses, il est victime de pr\u00e9jug\u00e9s, mais c\u2019est un amour, le d\u00e9fendent Anna et Karine, toutes deux b\u00e9n\u00e9voles \u00e0 la SPA. Comme souvent, le caract\u00e8re d\u2019un chien d\u00e9pend de son \u00e9ducation.\u00a0\u00bb Et, comme tous les autres prot\u00e9g\u00e9s de la pr\u00e9cieuse structure marseillaise, elle souhaite vivement qu\u2019il trouve une nouvelle famille.<\/p>\n<p>Ce matin-l\u00e0, seul le timide Diego, 8 ans, n\u2019avait pas la patte marine. Et pas question de le contraindre. Il a quand m\u00eame eu droit \u00e0 une petite excursion sur le littoral six-fournais et s\u2019est m\u00eame autoris\u00e9 un petit bain, mais \u00e0 son rythme.<\/p>\n<p>Outre ces moments de bien-\u00eatre et de partage offerts \u00e0 ces chiens qui, malgr\u00e9 le d\u00e9vouement des b\u00e9n\u00e9voles restent souvent longtemps cantonn\u00e9s au refuge, J\u00e9r\u00f4me reverse une partie de son chiffre d\u2019affaires (sur les sorties payantes avec chien) \u00e0 la SPA et \u00e0 des refuges.<\/p>\n<p>\u00ab\u00a0J\u2019ai aussi lanc\u00e9 une cagnotte en ligne pour ceux qui n\u2019ont pas de chance\u00a0\u00bb, pr\u00e9cise le Six-Fournais, qui peut \u00ab\u00a0compter sur le soutien de la Ville\u00a0\u00bb, ainsi que de nombreux acteurs locaux sur ce genre d\u2019initiatives (Ocean Skull, Visiokayak, CleanPoils &amp; Gourmandises). Il est \u00e9galement l\u2019heureux propri\u00e9taire d\u2019un terre-neuve, avec lequel il se forme au sauvetage en mer, au sein de l\u2019association Action Terre-Neuve 83, avant de partager ses connaissances au sein de Bruscain Paddle. Passionn\u00e9 et g\u00e9n\u00e9reux.<\/p>\n<p>1. Infos et contact: www.bruscainpaddle-kayak.fr et 06.67.30.20.49.<\/p>\n<p>2. Sur leetchi.com, tapez \u00ab\u00a0Bruscain paddle\u00a0\u00bb et cherchez la photo d\u2019un terre-neuve.<\/p>\n<p>              <img ci-src=\"https:\/\/www.varmatin.com\/vie-locale\/protec\/DATA_ART_16146659-mwYVpm9g.jpg?vh=4dec4d&amp;ci_seal=ee7b743cf7\" alt=\"\"\/><br \/>\n        Embarquer pour \u00a0\u00bb renforcer sa confiance et vos liens \u00ab\u00a0, une bonne id\u00e9e&#13;<br \/>\nque le dirigeant de Bruscain Paddle a mis en pratique. Et qu\u2019il propose aussi g\u00e9n\u00e9reusement aux chiens de la SPA, comme ce samedi matin. <\/p>\n","protected":false},"excerpt":{"rendered":"J\u00e9r\u00f4me Lamare a cr\u00e9\u00e9 Bruscain Paddle qui, comme son nom le laisse entendre, fait de la location, accompagn\u00e9e&hellip;\n","protected":false},"author":2,"featured_media":355480,"comment_status":"","ping_status":"","sticky":false,"template":"","format":"standard","meta":{"footnotes":""},"categories":[9619],"tags":[1111,11,1867,1777,674,1011,27,12,882,25,2310,3366],"class_list":{"0":"post-355479","1":"post","2":"type-post","3":"status-publish","4":"format-standard","5":"has-post-thumbnail","7":"category-toulon","8":"tag-actu","9":"tag-actualites","10":"tag-animaux","11":"tag-eu","12":"tag-europe","13":"tag-fr","14":"tag-france","15":"tag-news","16":"tag-provence-alpes-cote-dazur","17":"tag-republique-francaise","18":"tag-toulon","19":"tag-vie-locale"},"share_on_mastodon":{"url":"https:\/\/pubeurope.com\/@fr\/115120657173658613","error":""},"_links":{"self":[{"href":"https:\/\/www.europesays.com\/fr\/wp-json\/wp\/v2\/posts\/355479","targetHints":{"allow":["GET"]}}],"collection":[{"href":"https:\/\/www.europesays.com\/fr\/wp-json\/wp\/v2\/posts"}],"about":[{"href":"https:\/\/www.europesays.com\/fr\/wp-json\/wp\/v2\/types\/post"}],"author":[{"embeddable":true,"href":"https:\/\/www.europesays.com\/fr\/wp-json\/wp\/v2\/users\/2"}],"replies":[{"embeddable":true,"href":"https:\/\/www.europesays.com\/fr\/wp-json\/wp\/v2\/comments?post=355479"}],"version-history":[{"count":0,"href":"https:\/\/www.europesays.com\/fr\/wp-json\/wp\/v2\/posts\/355479\/revisions"}],"wp:featuredmedia":[{"embeddable":true,"href":"https:\/\/www.europesays.com\/fr\/wp-json\/wp\/v2\/media\/355480"}],"wp:attachment":[{"href":"https:\/\/www.europesays.com\/fr\/wp-json\/wp\/v2\/media?parent=355479"}],"wp:term":[{"taxonomy":"category","embeddable":true,"href":"https:\/\/www.europesays.com\/fr\/wp-json\/wp\/v2\/categories?post=355479"},{"taxonomy":"post_tag","embeddable":true,"href":"https:\/\/www.europesays.com\/fr\/wp-json\/wp\/v2\/tags?post=355479"}],"curies":[{"name":"wp","href":"https:\/\/api.w.org\/{rel}","templated":true}]}}