{"id":355483,"date":"2025-08-31T00:57:13","date_gmt":"2025-08-31T00:57:13","guid":{"rendered":"https:\/\/www.europesays.com\/fr\/355483\/"},"modified":"2025-08-31T00:57:13","modified_gmt":"2025-08-31T00:57:13","slug":"les-associations-invitent-les-peroliens-a-la-rencontre","status":"publish","type":"post","link":"https:\/\/www.europesays.com\/fr\/355483\/","title":{"rendered":"Les associations invitent les P\u00e9roliens \u00e0 la rencontre"},"content":{"rendered":"<p>Le complexe sportif La Tour accueillera, le samedi 6 septembre de 9h \u00e0 14h, la nouvelle \u00e9dition du Forum aux associations. Un rendez-vous incontournable de la rentr\u00e9e qui rassemble chaque ann\u00e9e, en un m\u00eame lieu, une grande partie des associations p\u00e9roliennes, pr\u00eates \u00e0 d\u00e9voiler leurs activit\u00e9s et \u00e0 recruter de nouveaux adh\u00e9rents. Tout au long de la matin\u00e9e, responsables et b\u00e9n\u00e9voles se tiendront \u00e0 disposition pour informer et enregistrer les inscriptions. Les visiteurs pourront ainsi d\u00e9couvrir la diversit\u00e9 du tissu associatif local, qu\u2019il s\u2019agisse de sport, de culture, de loisirs, de solidarit\u00e9 ou d\u2019actions citoyennes. La matin\u00e9e sera anim\u00e9e par des d\u00e9monstrations de 10 h \u00e0 11 h 50, avant de c\u00e9der la place aux discours officiels, puis au tirage au sort de la tombola.<\/p>\n<p>Pour ceux qui ne pourront pas se d\u00e9placer, le guide des associations 2025 sera disponible d\u00e8s la semaine suivante \u00e0 l\u2019accueil de la mairie et consultable sur le site internet de la ville.<\/p>\n<p>Correspondante Midi Libre \u2013 06 87 26 78 53<\/p>\n","protected":false},"excerpt":{"rendered":"Le complexe sportif La Tour accueillera, le samedi 6 septembre de 9h \u00e0 14h, la nouvelle \u00e9dition du&hellip;\n","protected":false},"author":2,"featured_media":355484,"comment_status":"","ping_status":"","sticky":false,"template":"","format":"standard","meta":{"footnotes":""},"categories":[9599],"tags":[1111,11,1777,674,1011,27,2208,12,2680,25],"class_list":{"0":"post-355483","1":"post","2":"type-post","3":"status-publish","4":"format-standard","5":"has-post-thumbnail","7":"category-montpellier","8":"tag-actu","9":"tag-actualites","10":"tag-eu","11":"tag-europe","12":"tag-fr","13":"tag-france","14":"tag-montpellier","15":"tag-news","16":"tag-occitanie","17":"tag-republique-francaise"},"share_on_mastodon":{"url":"https:\/\/pubeurope.com\/@fr\/115120665093691339","error":""},"_links":{"self":[{"href":"https:\/\/www.europesays.com\/fr\/wp-json\/wp\/v2\/posts\/355483","targetHints":{"allow":["GET"]}}],"collection":[{"href":"https:\/\/www.europesays.com\/fr\/wp-json\/wp\/v2\/posts"}],"about":[{"href":"https:\/\/www.europesays.com\/fr\/wp-json\/wp\/v2\/types\/post"}],"author":[{"embeddable":true,"href":"https:\/\/www.europesays.com\/fr\/wp-json\/wp\/v2\/users\/2"}],"replies":[{"embeddable":true,"href":"https:\/\/www.europesays.com\/fr\/wp-json\/wp\/v2\/comments?post=355483"}],"version-history":[{"count":0,"href":"https:\/\/www.europesays.com\/fr\/wp-json\/wp\/v2\/posts\/355483\/revisions"}],"wp:featuredmedia":[{"embeddable":true,"href":"https:\/\/www.europesays.com\/fr\/wp-json\/wp\/v2\/media\/355484"}],"wp:attachment":[{"href":"https:\/\/www.europesays.com\/fr\/wp-json\/wp\/v2\/media?parent=355483"}],"wp:term":[{"taxonomy":"category","embeddable":true,"href":"https:\/\/www.europesays.com\/fr\/wp-json\/wp\/v2\/categories?post=355483"},{"taxonomy":"post_tag","embeddable":true,"href":"https:\/\/www.europesays.com\/fr\/wp-json\/wp\/v2\/tags?post=355483"}],"curies":[{"name":"wp","href":"https:\/\/api.w.org\/{rel}","templated":true}]}}