{"id":355497,"date":"2025-08-31T01:06:17","date_gmt":"2025-08-31T01:06:17","guid":{"rendered":"https:\/\/www.europesays.com\/fr\/355497\/"},"modified":"2025-08-31T01:06:17","modified_gmt":"2025-08-31T01:06:17","slug":"strasbourg-aux-revolutionnaires-de-1525-%f0%9f%94%b4-info-libertaire-2","status":"publish","type":"post","link":"https:\/\/www.europesays.com\/fr\/355497\/","title":{"rendered":"[Strasbourg] Aux r\u00e9volutionnaires de 1525 \u2013 \ud83d\udd34 Info Libertaire"},"content":{"rendered":"<p>\u00c0 chaque anniversaire, des hommages ont lieu\u00a0: r\u00e9volution fran\u00e7aise, commune de Paris, mai 68, etc\u2026 mais bien souvent on ne prend en compte celles et ceux qui sont vraiment concern\u00e9es.<\/p>\n<p>Nous avons donc d\u00e9cid\u00e9 de prendre la parole ce soir au nom de celles et ceux qui ne sont pas l\u00e0. Les ouvriers, les artisans, les agriculteurs, les ch\u00f4meurs\u2026 Tout celles et ceux qui repr\u00e9sentaient d\u00e9j\u00e0 en 1525, les gens ordinaires. <\/p>\n<p>Nous souhaitons nous aussi, gens ordinaires, saluer nos fr\u00e8res et s\u0153urs du XVIe si\u00e8cle qui ont tent\u00e9 l\u2019impossible.<\/p>\n<p>Nous remercions par ailleurs chaleureusement tous ces historiens et historiennes, amateurs et professionnelles, qui se d\u00e9m\u00e8nent pour amener jusqu\u2019\u00e0 <\/p>\n<p>nous ces Histoires de celles et ceux d\u2019en bas. Cette histoire populaire qui ne peut que d\u00e9plaire au roman national et m\u00eame r\u00e9gional. L\u2019histoire des vaincu\u22c5es.<\/p>\n<p>Nous voulons vous faire savoir que nous sommes celles et ceux qui aujourd\u2019hui grondent face \u00e0 la pr\u00e9carit\u00e9 toujours plus renforc\u00e9e. M\u00eame si nous paraissons peut-\u00eatre rustres, sachez que nous sommes du m\u00eame terreau que les insurg\u00e9es de 1525 et de toute celles et ceux qui, depuis 500 ans, lutt\u00e8rent parfois jusque la mort.<\/p>\n<p>Le pr\u00e9sident de la Communaut\u00e9 Europ\u00e9enne d\u2019Alsace, a pris la parole pour saluer ces r\u00e9volutionnaires. Sachez que ces r\u00e9volutionnaires ne lui rendent pas la pareil. Nous ne pensons pas que l\u2019\u00e9tat, qu\u2019il soit celui de Paris ou celui de Strasbourg, ne travaille pour l\u2019entraide et la solidarit\u00e9 et pour que ce monde aille mieux. Nous donnerons un seul exemple, celui-du revenu de solidarit\u00e9 active, qui permet \u00e0 la limite de survivre dans un environnement devenu impraticable pour bon nombre des plus pauvres. C\u2019est bien la CEA qui m\u00e8ne une v\u00e9ritable chasse aux pauvres, en pratiquant des contr\u00f4les intrusifs et irrespectueux aux allocataires du RSA. Contr\u00f4le qui les am\u00e8ne bien souvent vers moins d\u2019autonomie, moins de confiance en soi et surtout bien plus de pr\u00e9carit\u00e9.<\/p>\n<p>Rappelons nous alors de 1525 et mettons en garde ceux qui jouent avec le feu social, qui parfois s\u2019emballent, comme nous l\u2019avons vu avec la r\u00e9volte des gilets jaunes, comme nous le voyons avec le mouvement des agriculteurs et des agricultrices, mais aussi lorsque les quartiers populaires s\u2019embrasent. <\/p>\n<p>N\u2019oublions pas que toutes ces \u00e9tincelles pourraient un jour aboutir au renversement total de l\u2019ordre \u00e9tabli, pour un monde meilleur. comme le d\u00e9siraient celles et ceux de 1525.<\/p>\n<p>Salut \u00e0 vous ami\u22c5es insurg\u00e9\u22c5es de 1525<\/p>\n<p>\t<img decoding=\"async\" alt=\"\" src=\"IMG\/jpg\/img_20250408_112520_edit_484055451076137.jpg\" data-l=\"2255\" data-h=\"3284\" data-tailles=\"[\" data-autorisees=\"{\" class=\"image_responsive\" data-pagespeed-url-hash=\"2117918738\" onload=\"pagespeed.CriticalImages.checkImageForCriticality(this);\"\/><\/p>\n","protected":false},"excerpt":{"rendered":"\u00c0 chaque anniversaire, des hommages ont lieu\u00a0: r\u00e9volution fran\u00e7aise, commune de Paris, mai 68, etc\u2026 mais bien souvent&hellip;\n","protected":false},"author":2,"featured_media":354900,"comment_status":"","ping_status":"","sticky":false,"template":"","format":"standard","meta":{"footnotes":""},"categories":[2820],"tags":[1111,11,1777,674,1011,27,775,12,25,640],"class_list":{"0":"post-355497","1":"post","2":"type-post","3":"status-publish","4":"format-standard","5":"has-post-thumbnail","7":"category-strasbourg","8":"tag-actu","9":"tag-actualites","10":"tag-eu","11":"tag-europe","12":"tag-fr","13":"tag-france","14":"tag-grand-est","15":"tag-news","16":"tag-republique-francaise","17":"tag-strasbourg"},"share_on_mastodon":{"url":"https:\/\/pubeurope.com\/@fr\/115120700638077277","error":""},"_links":{"self":[{"href":"https:\/\/www.europesays.com\/fr\/wp-json\/wp\/v2\/posts\/355497","targetHints":{"allow":["GET"]}}],"collection":[{"href":"https:\/\/www.europesays.com\/fr\/wp-json\/wp\/v2\/posts"}],"about":[{"href":"https:\/\/www.europesays.com\/fr\/wp-json\/wp\/v2\/types\/post"}],"author":[{"embeddable":true,"href":"https:\/\/www.europesays.com\/fr\/wp-json\/wp\/v2\/users\/2"}],"replies":[{"embeddable":true,"href":"https:\/\/www.europesays.com\/fr\/wp-json\/wp\/v2\/comments?post=355497"}],"version-history":[{"count":0,"href":"https:\/\/www.europesays.com\/fr\/wp-json\/wp\/v2\/posts\/355497\/revisions"}],"wp:featuredmedia":[{"embeddable":true,"href":"https:\/\/www.europesays.com\/fr\/wp-json\/wp\/v2\/media\/354900"}],"wp:attachment":[{"href":"https:\/\/www.europesays.com\/fr\/wp-json\/wp\/v2\/media?parent=355497"}],"wp:term":[{"taxonomy":"category","embeddable":true,"href":"https:\/\/www.europesays.com\/fr\/wp-json\/wp\/v2\/categories?post=355497"},{"taxonomy":"post_tag","embeddable":true,"href":"https:\/\/www.europesays.com\/fr\/wp-json\/wp\/v2\/tags?post=355497"}],"curies":[{"name":"wp","href":"https:\/\/api.w.org\/{rel}","templated":true}]}}