{"id":355501,"date":"2025-08-31T01:09:45","date_gmt":"2025-08-31T01:09:45","guid":{"rendered":"https:\/\/www.europesays.com\/fr\/355501\/"},"modified":"2025-08-31T01:09:45","modified_gmt":"2025-08-31T01:09:45","slug":"dix-victimes-cinq-pretres-mis-en-cause-des-viols-et-agressions-denonces-dans-ce-college-lycee-prive","status":"publish","type":"post","link":"https:\/\/www.europesays.com\/fr\/355501\/","title":{"rendered":"Dix victimes, cinq pr\u00eatres mis en cause\u2026 Des viols et agressions d\u00e9nonc\u00e9s dans ce coll\u00e8ge-lyc\u00e9e priv\u00e9"},"content":{"rendered":"<p>L\u2019enseignement catholique fran\u00e7ais n\u2019en a pas fini avec les accusations. Dans l\u2019\u0153il du cyclone depuis les r\u00e9v\u00e9lations de <a href=\"https:\/\/www.20minutes.fr\/justice\/affaire-betharram\/\" class=\"c-link c-link--is-underlined\" target=\"_blank\" rel=\"noopener\">la tentaculaire affaire B\u00e9tharram<\/a>, l\u2019\u00e9glise continue de voir des plaintes \u00e9merger de toute la France. Aux quatre coins de notre pays, les victimes d\u00e9crivent les s\u00e9vices subis pendant des ann\u00e9es et perp\u00e9tr\u00e9s par des hommes de foi\u00a0: agressions sexuelles, viols, coups, ch\u00e2timents.<\/p>\n<p>A quelques jours de la rentr\u00e9e scolaire, une nouvelle affaire vient d\u2019\u00e9clater. Ce vendredi, le dioc\u00e8se de <a href=\"https:\/\/www.20minutes.fr\/societe\/loire-atlantique\/\" class=\"c-link c-link--is-underlined\" target=\"_blank\" rel=\"noopener\">Loire-Atlantique<\/a> a r\u00e9v\u00e9l\u00e9 qu\u2019un \u00e9tablissement d\u2019enseignement catholique de <a href=\"https:\/\/www.20minutes.fr\/nantes\/\" class=\"c-link c-link--is-underlined\" target=\"_blank\" rel=\"noopener\">Nantes <\/a>avait \u00e9t\u00e9 le th\u00e9\u00e2tre de faits criminels. Il s\u2019agit du coll\u00e8ge-lyc\u00e9e Saint-Stanislas, implant\u00e9 dans le quartier Talensac et aujourd\u2019hui fr\u00e9quent\u00e9 par des familles plut\u00f4t ais\u00e9es.<\/p>\n<p>Les pr\u00eatres vis\u00e9s sont tous morts<\/p>\n<p>D\u2019apr\u00e8s le directeur dioc\u00e9sain, les faits se seraient produits entre\u00a01958 et\u00a01995. Ils impliqueraient cinq pr\u00eatres et \u00ab\u00a0au moins un membre du personnel \u00e9ducatif\u00a0\u00bb. Les six personnes mises en cause <a href=\"https:\/\/www.ouest-france.fr\/faits-divers\/violence-sexuelle\/direct-abus-sexuels-dans-un-etablissement-catholique-de-nantes-le-diocese-va-sexprimer-4dab9068-a6ae-4abe-baa5-64d77118411f\" rel=\"nofollow noopener\" target=\"_blank\" class=\"c-link c-link--is-underlined\">seraient aujourd\u2019hui toutes d\u00e9c\u00e9d\u00e9es<\/a>. A ce jour, dix victimes auraient signal\u00e9 des faits. Un homme, qui avait confi\u00e9 les s\u00e9vices subis \u00e0 sa famille, s\u2019est suicid\u00e9.<\/p>\n<\/p>\n<p>Un appel \u00e0 t\u00e9moignages a \u00e9t\u00e9 lanc\u00e9 par les responsables du dioc\u00e8se, qui invitent les personnes ayant fr\u00e9quent\u00e9 l\u2019\u00e9tablissement et qui auraient \u00e9t\u00e9 t\u00e9moins ou victimes \u00e0 se signaler. Un message sera diffus\u00e9 sur les r\u00e9seaux sociaux.<\/p>\n","protected":false},"excerpt":{"rendered":"L\u2019enseignement catholique fran\u00e7ais n\u2019en a pas fini avec les accusations. Dans l\u2019\u0153il du cyclone depuis les r\u00e9v\u00e9lations de&hellip;\n","protected":false},"author":2,"featured_media":355502,"comment_status":"","ping_status":"","sticky":false,"template":"","format":"standard","meta":{"footnotes":""},"categories":[2818],"tags":[1111,47,11,7765,1267,11863,1124,16102,12336,847,9614,1777,674,118,1011,27,3047,2633,766,12,2636,1974,5969,4020,25,5748,1265],"class_list":{"0":"post-355501","1":"post","2":"type-post","3":"status-publish","4":"format-standard","5":"has-post-thumbnail","7":"category-nantes","8":"tag-actu","9":"tag-actualite","10":"tag-actualites","11":"tag-affaire-betharram","12":"tag-agression-sexuelle","13":"tag-catholicisme","14":"tag-college","15":"tag-ecole-privee","16":"tag-eglise","17":"tag-enfant","18":"tag-enseignement","19":"tag-eu","20":"tag-europe","21":"tag-faits-divers","22":"tag-fr","23":"tag-france","24":"tag-loire-atlantique","25":"tag-lycee","26":"tag-nantes","27":"tag-news","28":"tag-pays-de-la-loire","29":"tag-pedocriminalite","30":"tag-pretre","31":"tag-religion","32":"tag-republique-francaise","33":"tag-suicide","34":"tag-viol"},"share_on_mastodon":{"url":"https:\/\/pubeurope.com\/@fr\/115120712251863129","error":""},"_links":{"self":[{"href":"https:\/\/www.europesays.com\/fr\/wp-json\/wp\/v2\/posts\/355501","targetHints":{"allow":["GET"]}}],"collection":[{"href":"https:\/\/www.europesays.com\/fr\/wp-json\/wp\/v2\/posts"}],"about":[{"href":"https:\/\/www.europesays.com\/fr\/wp-json\/wp\/v2\/types\/post"}],"author":[{"embeddable":true,"href":"https:\/\/www.europesays.com\/fr\/wp-json\/wp\/v2\/users\/2"}],"replies":[{"embeddable":true,"href":"https:\/\/www.europesays.com\/fr\/wp-json\/wp\/v2\/comments?post=355501"}],"version-history":[{"count":0,"href":"https:\/\/www.europesays.com\/fr\/wp-json\/wp\/v2\/posts\/355501\/revisions"}],"wp:featuredmedia":[{"embeddable":true,"href":"https:\/\/www.europesays.com\/fr\/wp-json\/wp\/v2\/media\/355502"}],"wp:attachment":[{"href":"https:\/\/www.europesays.com\/fr\/wp-json\/wp\/v2\/media?parent=355501"}],"wp:term":[{"taxonomy":"category","embeddable":true,"href":"https:\/\/www.europesays.com\/fr\/wp-json\/wp\/v2\/categories?post=355501"},{"taxonomy":"post_tag","embeddable":true,"href":"https:\/\/www.europesays.com\/fr\/wp-json\/wp\/v2\/tags?post=355501"}],"curies":[{"name":"wp","href":"https:\/\/api.w.org\/{rel}","templated":true}]}}