{"id":355503,"date":"2025-08-31T01:10:11","date_gmt":"2025-08-31T01:10:11","guid":{"rendered":"https:\/\/www.europesays.com\/fr\/355503\/"},"modified":"2025-08-31T01:10:11","modified_gmt":"2025-08-31T01:10:11","slug":"ligue-1-cest-pratiquement-incomprehensible-les-reactions-auxerroises-apres-nantes-aja-1-0","status":"publish","type":"post","link":"https:\/\/www.europesays.com\/fr\/355503\/","title":{"rendered":"Ligue 1 : \u00ab\u00a0C&rsquo;est pratiquement incompr\u00e9hensible\u00a0\u00bb, les r\u00e9actions auxerroises apr\u00e8s Nantes-AJA (1-0)"},"content":{"rendered":"<p>Oblig\u00e9e de courir apr\u00e8s le score d\u00e8s la 8e minute de jeu, l&rsquo;AJA a pouss\u00e9 pour \u00e9galiser jusque dans les derniers instants. Mais elle a conc\u00e9d\u00e9 \u00e0 Nantes une deuxi\u00e8me d\u00e9faite cons\u00e9cutive ce samedi (1-0, 3e j. L1). Retrouvez les d\u00e9clarations d&rsquo;apr\u00e8s-match des Auxerrois en int\u00e9gralit\u00e9 avec ICI Auxerre.<\/p>\n<p>Christophe Pelissier, entra\u00eeneur de l&rsquo;AJA<\/p>\n<p>\u00ab\u00a0La soir\u00e9e est difficile par le r\u00e9sultat, parce quand je vois qu&rsquo;on a 14 frappes et eux quatre, on a neuf corners et eux deux ou trois, 11 occasions \u00e0 deux&#8230; Et on a m\u00eame la possession. C&rsquo;est vraiment un soir o\u00f9 rien ne tournait pour nous. Le but qu&rsquo;on prend, c&rsquo;est un contre entre deux de nos joueurs qui donne une passe d\u00e9cisive. Il y a ces petites choses qui nous manquent, je le disais aux joueurs, dans les surfaces de v\u00e9rit\u00e9, qu&rsquo;elles soient offensives ou d\u00e9fensives. Il y a un film qui s&rsquo;appelle &lsquo;Un p&rsquo;tit truc en plus&rsquo;, nous c&rsquo;est &lsquo;Un p&rsquo;tit truc en moins&rsquo;. Il faut qu&rsquo;il faut qu&rsquo;on continue \u00e0 travailler parce que la frustration sur les deux matches \u00e0 l&rsquo;ext\u00e9rieur, elle est grande. Le week-end dernier (\u00e0 Nice) et ce soir, on part avec z\u00e9ro points en deux matches. C&rsquo;est pratiquement incompr\u00e9hensible. Alors qu&rsquo;on avait pris trois points au premier match (contre Lorient) et c&rsquo;\u00e9tait plut\u00f4t difficile. Comme quoi, le football est comme \u00e7a. Comme je l&rsquo;ai dit aux joueurs, trois matches, trois points, c&rsquo;est un d\u00e9but moyen. Il faut continuer \u00e0 avoir confiance en ce qu&rsquo;on fait. Mais il faut encore mettre plus de rigueur et de d\u00e9termination dans zones de v\u00e9rit\u00e9.\u00a0\u00bb<\/p>\n<p>Marvin Senaya, d\u00e9fenseur de l&rsquo;AJA<\/p>\n<p>\u00ab\u00a0Frustrant, c&rsquo;est le mot. La plupart de l&rsquo;\u00e9quipe \u00e9tait frustr\u00e9e parce que Nantes n&rsquo;a pas montr\u00e9 grand-chose, notamment offensivement. Peut-\u00eatre qu&rsquo;ils avaient un petit suppl\u00e9ment d&rsquo;\u00e2me en plus dans les deux surfaces, ce qui a fait basculer le match. Mais en tout cas, on peut \u00eatre fiers de la performance qu&rsquo;on a fait parce qu&rsquo;on n&rsquo;a pas l\u00e2ch\u00e9. Et si on continue sur ces bases pour le reste de la saison, c&rsquo;est s\u00fbr qu&rsquo;on gagnera des matches. Aujourd&rsquo;hui, la r\u00e9ussite, on ne l&rsquo;a pas. Mais c&rsquo;est comme \u00e7a. Dans une saison, il y a des p\u00e9riodes comme \u00e7a, \u00e0 nous de travailler pour inverser ces p\u00e9riodes-l\u00e0 et et esp\u00e9rer prendre le plus de points possible parce qu&rsquo;aujourd&rsquo;hui, on les laisse passer. C&rsquo;est assez frustrant. On va profiter de cette tr\u00eave pour bien se soigner, bien travailler et surtout revenir d&rsquo;aplomb pour le match contre Monaco \u00e0 la maison. L&rsquo;\u00e9quipe est assez bonne pour s&rsquo;adapter \u00e0 diff\u00e9rents syst\u00e8mes. Et puis, ce n&rsquo;est pas le syst\u00e8me qui fait le contenu des matches, c&rsquo;est l&rsquo;animation qu&rsquo;on y met. Je ne pense pas que ce soit \u00e7a qui nous a perturb\u00e9, \u00e7a s&rsquo;est jou\u00e9 sur des d\u00e9tails, aussi bien d\u00e9fensifs qu&rsquo;offensifs. C&rsquo;est clair qu&rsquo;on a les occases, on met un but hors-jeu&#8230; Aujourd&rsquo;hui, quand tu vois comment on arrive \u00e0 rivaliser avec ces \u00e9quipes, c&rsquo;est s\u00fbr que c&rsquo;est vraiment dommage de laisser passer ces points. Mais il ne faut pas s&rsquo;abattre sur notre sort. On a une tr\u00e8s bonne \u00e9quipe, on va travailler et on sait que t\u00f4t ou tard, on arrivera \u00e0 chercher ces victoires.\u00a0\u00bb<\/p>\n<p>Th\u00e9o De Percin, gardien de l&rsquo;AJA<\/p>\n<p>\u00ab\u00a0Il y a de la frustration parce qu&rsquo;on n&rsquo;a pas conc\u00e9d\u00e9 beaucoup d&rsquo;occasions et nous, au contraire, on en a eu. Et le probl\u00e8me, c&rsquo;est qu&rsquo;on repart avec la d\u00e9faite. Au final, \u00e7a se rejoint (avec Nice). Sur les deux matches, on part avec la d\u00e9faite, m\u00eame si c&rsquo;\u00e9tait diff\u00e9rent. Apr\u00e8s, on a tent\u00e9, ce n&rsquo;st pas rentr\u00e9 et on va se mettre au travail pour gagner. C&rsquo;est s\u00fbr que ce n&rsquo;est pas \u00e9vident (son r\u00f4le de doublure). Apr\u00e8s, je me pr\u00e9pare toutes les semaines dans le but de jouer, qu&rsquo;il y ait Dono (L\u00e9on) ou pas. Parce que je sais que si on doit faire appel \u00e0 moi, je dois r\u00e9pondre pr\u00e9sent. Donc je donne le maximum de moi-m\u00eame les semaines aux entra\u00eenements et quand je suis appel\u00e9 \u00e0 jouer, je suis le premier heureux et j&rsquo;essaie d&rsquo;aider l&rsquo;\u00e9quipe \u00e0 faire de bonnes performances. J&rsquo;ai envie d&rsquo;encore plus confirmer parce que la saison derni\u00e8re, c&rsquo;\u00e9tait mes premiers matches en Ligue 1. J&rsquo;ai eu le go\u00fbt, je sais ce que \u00e7a fait maintenant, donc j&rsquo;appr\u00e9hende mieux les matches. Apr\u00e8s, j&rsquo;essaie de confirmer comme tout joueur. Et oui, \u00e0 terme, j&rsquo;aimerais devenir num\u00e9ro 1, c&rsquo;est l&rsquo;objectif.\u00a0\u00bb<\/p>\n<p>\u00c0 lire aussi   <img decoding=\"async\" src=\"https:\/\/www.europesays.com\/fr\/wp-content\/uploads\/2025\/08\/1756602611_165_560x315\" alt=\"L'AJA de Marvin Senaya n'a pas \u00e9t\u00e9 assez efficace dans les deux surfaces ce samedi, et s'incline \u00e0 Nantes (1-0, 3e j. L1).\" style=\"--_image-preview:url('data:image\/jpeg;base64,\/9j\/2wBDACgcHiMeGSgjISMtKygwPGRBPDc3PHtYXUlkkYCZlo+AjIqgtObDoKrarYqMyP\/L2u71\/\/\/\/m8H\/\/\/\/6\/+b9\/\/j\/2wBDASstLTw1PHZBQXb4pYyl+Pj4+Pj4+Pj4+Pj4+Pj4+Pj4+Pj4+Pj4+Pj4+Pj4+Pj4+Pj4+Pj4+Pj4+Pj4+Pj4+Pj\/wAARCAAXACoDASIAAhEBAxEB\/8QAFwABAQEBAAAAAAAAAAAAAAAAAAECA\/\/EABYQAQEBAAAAAAAAAAAAAAAAAAABEf\/EABYBAQEBAAAAAAAAAAAAAAAAAAABAv\/EABURAQEAAAAAAAAAAAAAAAAAAAAR\/9oADAMBAAIRAxEAPwDnUUxAkawkXAZsZxuxMKLhICMtSLgIqWM4Aj\/\/2Q==');\" loading=\"lazy\" fetchpriority=\"low\" aria-hidden=\"true\" class=\"svelte-1pnmlwx rounded\" onload=\"this.__e=event\" onerror=\"this.__e=event\"\/> <\/p>\n<p>loading<\/p>\n<p>loading<\/p>\n<p> L&rsquo;actualit\u00e9 de l&rsquo;AJA avec ICI Auxerre<\/p>\n","protected":false},"excerpt":{"rendered":"Oblig\u00e9e de courir apr\u00e8s le score d\u00e8s la 8e minute de jeu, l&rsquo;AJA a pouss\u00e9 pour \u00e9galiser jusque&hellip;\n","protected":false},"author":2,"featured_media":355504,"comment_status":"","ping_status":"","sticky":false,"template":"","format":"standard","meta":{"footnotes":""},"categories":[2818],"tags":[1111,11,1777,674,1011,27,766,12,2636,25],"class_list":{"0":"post-355503","1":"post","2":"type-post","3":"status-publish","4":"format-standard","5":"has-post-thumbnail","7":"category-nantes","8":"tag-actu","9":"tag-actualites","10":"tag-eu","11":"tag-europe","12":"tag-fr","13":"tag-france","14":"tag-nantes","15":"tag-news","16":"tag-pays-de-la-loire","17":"tag-republique-francaise"},"share_on_mastodon":{"url":"https:\/\/pubeurope.com\/@fr\/115120716466223241","error":""},"_links":{"self":[{"href":"https:\/\/www.europesays.com\/fr\/wp-json\/wp\/v2\/posts\/355503","targetHints":{"allow":["GET"]}}],"collection":[{"href":"https:\/\/www.europesays.com\/fr\/wp-json\/wp\/v2\/posts"}],"about":[{"href":"https:\/\/www.europesays.com\/fr\/wp-json\/wp\/v2\/types\/post"}],"author":[{"embeddable":true,"href":"https:\/\/www.europesays.com\/fr\/wp-json\/wp\/v2\/users\/2"}],"replies":[{"embeddable":true,"href":"https:\/\/www.europesays.com\/fr\/wp-json\/wp\/v2\/comments?post=355503"}],"version-history":[{"count":0,"href":"https:\/\/www.europesays.com\/fr\/wp-json\/wp\/v2\/posts\/355503\/revisions"}],"wp:featuredmedia":[{"embeddable":true,"href":"https:\/\/www.europesays.com\/fr\/wp-json\/wp\/v2\/media\/355504"}],"wp:attachment":[{"href":"https:\/\/www.europesays.com\/fr\/wp-json\/wp\/v2\/media?parent=355503"}],"wp:term":[{"taxonomy":"category","embeddable":true,"href":"https:\/\/www.europesays.com\/fr\/wp-json\/wp\/v2\/categories?post=355503"},{"taxonomy":"post_tag","embeddable":true,"href":"https:\/\/www.europesays.com\/fr\/wp-json\/wp\/v2\/tags?post=355503"}],"curies":[{"name":"wp","href":"https:\/\/api.w.org\/{rel}","templated":true}]}}