{"id":355513,"date":"2025-08-31T01:16:28","date_gmt":"2025-08-31T01:16:28","guid":{"rendered":"https:\/\/www.europesays.com\/fr\/355513\/"},"modified":"2025-08-31T01:16:28","modified_gmt":"2025-08-31T01:16:28","slug":"adversaires-calendrier-le-programme-complet-des-matchs-de-lille-pour-la-phase-de-ligue-de-la-ligue-europa-2","status":"publish","type":"post","link":"https:\/\/www.europesays.com\/fr\/355513\/","title":{"rendered":"adversaires, calendrier\u2026 Le programme complet des matchs de Lille pour la phase de ligue de la Ligue Europa"},"content":{"rendered":"<p class=\"mb-4 text-lg md:leading-8 break-words\"><b><a href=\"https:\/\/rmcsport.bfmtv.com\/football\/clubs\/losc-lille\/\" rel=\"nofollow noopener\" target=\"_blank\" data-ylk=\"slk:Lille;elm:context_link;itc:0;sec:content-canvas\" class=\"link \">Lille<\/a><\/b> qui avait particip\u00e9 \u00e0 la <b><a href=\"https:\/\/rmcsport.bfmtv.com\/football\/ligue-des-champions\/*\" rel=\"nofollow noopener\" target=\"_blank\" data-ylk=\"slk:Ligue des champions;elm:context_link;itc:0;sec:content-canvas\" class=\"link \">Ligue des champions<\/a><\/b> l&rsquo;ann\u00e9e derni\u00e8re avec une d\u00e9faite malheureuse en huiti\u00e8me de finale face \u00e0 Dortmund arrive en <b><a href=\"https:\/\/rmcsport.bfmtv.com\/football\/europa-league\/\" rel=\"nofollow noopener\" target=\"_blank\" data-ylk=\"slk:Ligue Europa;elm:context_link;itc:0;sec:content-canvas\" class=\"link \">Ligue Europa<\/a><\/b> avec beaucoup d&rsquo;ambition sous la direction de <b><a href=\"https:\/\/fr.news.yahoo.com\/sport\/lille-petite-pique-amus%C3%A9e-genesio-133335162.html\" data-ylk=\"slk:Bruno Genesio;elm:context_link;itc:0;sec:content-canvas;outcm:mb_qualified_link;_E:mb_qualified_link;ct:story;\" class=\"link  yahoo-link\" rel=\"nofollow noopener\" target=\"_blank\">Bruno Genesio<\/a><\/b>.<\/p>\n<p class=\"mb-4 text-lg md:leading-8 break-words\">Fort de cette exp\u00e9rience en C1, le LOSC aborde la Ligue Europa avec l\u2019envie de franchir un cap et de montrer qu\u2019il peut rivaliser avec de grands noms du continent. Le tirage au sort, effectu\u00e9 \u00e0 Monaco ce vendredi 29 ao\u00fbt, a offert aux Dogues un programme relev\u00e9 pour cette phase de ligue de la C3.<\/p>\n<p>Les adversaires de Lille pour la phase de ligue<\/p>\n<ul class=\"mb-4\">\n<li class=\"ml-4 list-disc\"\/>\n<li class=\"ml-4 list-disc\"\/>\n<li class=\"ml-4 list-disc\"\/>\n<li class=\"ml-4 list-disc\">\n<p class=\"mb-4 text-lg md:leading-8 break-words\">Etoile Rouge de Belgrade (ext\u00e9rieur)<\/p>\n<\/li>\n<li class=\"ml-4 list-disc\"\/>\n<li class=\"ml-4 list-disc\">\n<p class=\"mb-4 text-lg md:leading-8 break-words\">Young Boys de Berne (ext\u00e9rieur)<\/p>\n<\/li>\n<li class=\"ml-4 list-disc\"\/>\n<li class=\"ml-4 list-disc\">\n<p class=\"mb-4 text-lg md:leading-8 break-words\">Celta de Vigo (ext\u00e9rieur)<\/p>\n<\/li>\n<\/ul>\n<p>Le calendrier des matchs de Lille en phase de ligue<\/p>\n<p class=\"mb-4 text-lg md:leading-8 break-words\">La phase de ligue se d\u00e9roulera sur huit journ\u00e9es, entre septembre et janvier. Voici les dates \u00e0 retenir :<\/p>\n<ul class=\"mb-4\">\n<li class=\"ml-4 list-disc\">\n<p class=\"mb-4 text-lg md:leading-8 break-words\">Lille-Brann: 25 septembre 2025 \u00e0 18h45<\/p>\n<\/li>\n<li class=\"ml-4 list-disc\">\n<p class=\"mb-4 text-lg md:leading-8 break-words\">AS Roma-Lille: 2 octobre 2025 \u00e0 18h45<\/p>\n<\/li>\n<li class=\"ml-4 list-disc\">\n<p class=\"mb-4 text-lg md:leading-8 break-words\">Lille-PAOK: 23 octobre 2025 \u00e0 21h<\/p>\n<\/li>\n<li class=\"ml-4 list-disc\">\n<p class=\"mb-4 text-lg md:leading-8 break-words\">Etoile Rouge de Belgrade-Lille: 6 novembre 2025 \u00e0 18h45<\/p>\n<\/li>\n<li class=\"ml-4 list-disc\">\n<p class=\"mb-4 text-lg md:leading-8 break-words\">Lille-Dinamo Zagreb: 27 novembre 2025 \u00e0 18h45<\/p>\n<\/li>\n<li class=\"ml-4 list-disc\">\n<p class=\"mb-4 text-lg md:leading-8 break-words\">Young Boys de Berne-Lille: 11 d\u00e9cembre 2025 \u00e0 18h45<\/p>\n<\/li>\n<li class=\"ml-4 list-disc\">\n<p class=\"mb-4 text-lg md:leading-8 break-words\">RC Celta-Lille: 22 janvier 2026 \u00e0 21h<\/p>\n<\/li>\n<li class=\"ml-4 list-disc\">\n<p class=\"mb-4 text-lg md:leading-8 break-words\">Lille-Fribourg: 29 janvier 2026 \u00e0 21h<\/p>\n<\/li>\n<\/ul>\n<p class=\"mb-4 text-lg md:leading-8 break-words\">Le <b><a href=\"https:\/\/rmcsport.bfmtv.com\/football\/clubs\/losc-lille\/\" rel=\"nofollow noopener\" target=\"_blank\" data-ylk=\"slk:LOSC;elm:context_link;itc:0;sec:content-canvas\" class=\"link \">LOSC<\/a><\/b> conna\u00eet le d\u00e9fi qui l\u2019attend dans une Ligue Europa o\u00f9 chaque rencontre sera d\u00e9cisive dans la qu\u00eate des huiti\u00e8mes de finale ou, a minima, des barrages. Entre soir\u00e9es bouillantes au Stade Pierre-Mauroy et d\u00e9placements p\u00e9rilleux dans des stades hostiles, les Dogues veulent transformer leur ambition en \u00e9pop\u00e9e et faire vibrer \u00e0 nouveau leurs supporters sur la sc\u00e8ne continentale.<\/p>\n<p class=\"mb-4 text-lg md:leading-8 break-words\"><a href=\"https:\/\/rmcsport.bfmtv.com\/football\/europa-league\/ligue-europa-adversaires-calendrier-le-programme-complet-des-matchs-de-lille-pour-la-phase-de-ligue-de-la-ligue-europa_AV-202508300306.html#xtor=AL-68\" rel=\"nofollow noopener\" target=\"_blank\" data-ylk=\"slk:Article original publi\u00e9 sur RMC Sport;elm:context_link;itc:0;sec:content-canvas\" class=\"link \">Article original publi\u00e9 sur RMC Sport<\/a><\/p>\n","protected":false},"excerpt":{"rendered":"Lille qui avait particip\u00e9 \u00e0 la Ligue des champions l&rsquo;ann\u00e9e derni\u00e8re avec une d\u00e9faite malheureuse en huiti\u00e8me de&hellip;\n","protected":false},"author":2,"featured_media":355514,"comment_status":"","ping_status":"","sticky":false,"template":"","format":"standard","meta":{"footnotes":""},"categories":[2815],"tags":[1111,11,49157,49156,8099,48741,1777,674,1011,27,811,447,5843,1307,2267,3127,12,25,48742],"class_list":{"0":"post-355513","1":"post","2":"type-post","3":"status-publish","4":"format-standard","5":"has-post-thumbnail","7":"category-lille","8":"tag-actu","9":"tag-actualites","10":"tag-celta-de-vigo","11":"tag-dogues","12":"tag-dortmund","13":"tag-etoile-rouge-de-belgrade","14":"tag-eu","15":"tag-europe","16":"tag-fr","17":"tag-france","18":"tag-hauts-de-france","19":"tag-ligue-des-champions","20":"tag-ligue-europa","21":"tag-lille","22":"tag-losc","23":"tag-monaco","24":"tag-news","25":"tag-republique-francaise","26":"tag-young-boys-de-berne"},"share_on_mastodon":{"url":"https:\/\/pubeurope.com\/@fr\/115120740191323576","error":""},"_links":{"self":[{"href":"https:\/\/www.europesays.com\/fr\/wp-json\/wp\/v2\/posts\/355513","targetHints":{"allow":["GET"]}}],"collection":[{"href":"https:\/\/www.europesays.com\/fr\/wp-json\/wp\/v2\/posts"}],"about":[{"href":"https:\/\/www.europesays.com\/fr\/wp-json\/wp\/v2\/types\/post"}],"author":[{"embeddable":true,"href":"https:\/\/www.europesays.com\/fr\/wp-json\/wp\/v2\/users\/2"}],"replies":[{"embeddable":true,"href":"https:\/\/www.europesays.com\/fr\/wp-json\/wp\/v2\/comments?post=355513"}],"version-history":[{"count":0,"href":"https:\/\/www.europesays.com\/fr\/wp-json\/wp\/v2\/posts\/355513\/revisions"}],"wp:featuredmedia":[{"embeddable":true,"href":"https:\/\/www.europesays.com\/fr\/wp-json\/wp\/v2\/media\/355514"}],"wp:attachment":[{"href":"https:\/\/www.europesays.com\/fr\/wp-json\/wp\/v2\/media?parent=355513"}],"wp:term":[{"taxonomy":"category","embeddable":true,"href":"https:\/\/www.europesays.com\/fr\/wp-json\/wp\/v2\/categories?post=355513"},{"taxonomy":"post_tag","embeddable":true,"href":"https:\/\/www.europesays.com\/fr\/wp-json\/wp\/v2\/tags?post=355513"}],"curies":[{"name":"wp","href":"https:\/\/api.w.org\/{rel}","templated":true}]}}