{"id":355516,"date":"2025-08-31T01:18:11","date_gmt":"2025-08-31T01:18:11","guid":{"rendered":"https:\/\/www.europesays.com\/fr\/355516\/"},"modified":"2025-08-31T01:18:11","modified_gmt":"2025-08-31T01:18:11","slug":"lyon-marseille-a-quelle-heure-et-sur-quelle-chaine-tv-suivre-le-match-de-la-troisieme-journee-de-ligue-1","status":"publish","type":"post","link":"https:\/\/www.europesays.com\/fr\/355516\/","title":{"rendered":"Lyon-Marseille : \u00e0 quelle heure et sur quelle cha\u00eene TV suivre le match de la troisi\u00e8me journ\u00e9e de Ligue 1 ?"},"content":{"rendered":"<p class=\"paragraph text_align_left lp-f-body-02\">Pass\u00e9 \u00e0 rien d\u2019une catastrophe industrielle d\u00e9but juillet, finalement maintenu en<a href=\"https:\/\/www.leparisien.fr\/sports\/football\/ligue-1\/\" target=\"_blank\" rel=\"noreferrer nofollow noopener\"> Ligue 1<\/a> mais <a href=\"https:\/\/www.leparisien.fr\/sports\/football\/ligue-1\/ils-vont-etre-obliges-de-vendre-les-gros-salaires-lyon-maintenu-en-ligue-1-mais-au-pain-sec-et-a-leau-10-07-2025-NTRAKMZ7AFAIZOBZFKBBQTQVKY.php\" target=\"_blank\" rel=\"noreferrer nofollow noopener\">sous contraintes financi\u00e8res<\/a>, l\u2019Olympique Lyonnais ne s\u2019attendait certainement pas, deux mois en arri\u00e8re, \u00e0 se retrouver ici \u00e0 la fin du mois d\u2019ao\u00fbt. Leader du championnat, avec deux victoires en deux rencontres, les Gones s\u2019avancent plein de confiance vers leur choc face \u00e0 l\u2019Olympique de Marseille, ce dimanche.<\/p>\n<p class=\"paragraph text_align_left lp-f-body-02\">Sur le papier, l\u2019OM parait mieux arm\u00e9 que l\u2019OL, avec un effectif plus fourni et les fondations de la saison pass\u00e9e, b\u00e2ties par Roberto De Zerbi, sur lesquelles s\u2019appuyer\u2026 Mais les Phoc\u00e9ens ont connu des journ\u00e9es agit\u00e9es, avec <a href=\"https:\/\/www.leparisien.fr\/sports\/football\/rabiot-a-lom-un-dilemme-et-des-questions-24-08-2025-V4SNMM2YQ5C47B2I2BDIYIZG4I.php\" target=\"_blank\" rel=\"noreferrer nofollow noopener\">la mise \u00e0 l\u2019\u00e9cart d\u2019Adrien Rabiot<\/a> et de Jonathan Rowe, qui ont fragilis\u00e9 le vestiaire. De quoi \u00e9quilibrer un peu plus ce premier Olympico de la saison. <\/p>\n<p class=\"paragraph text_align_left lp-f-body-02\"><b>Le coup d\u2019envoi de Lyon-Marseille est pr\u00e9vu ce dimanche 31 ao\u00fbt, \u00e0 20h45. Le match sera \u00e0 suivre en direct sur Ligue 1 +.<\/b><\/p>\n","protected":false},"excerpt":{"rendered":"Pass\u00e9 \u00e0 rien d\u2019une catastrophe industrielle d\u00e9but juillet, finalement maintenu en Ligue 1 mais sous contraintes financi\u00e8res, l\u2019Olympique&hellip;\n","protected":false},"author":2,"featured_media":355517,"comment_status":"","ping_status":"","sticky":false,"template":"","format":"standard","meta":{"footnotes":""},"categories":[2814],"tags":[1111,11,1777,674,63,1011,27,66,884,12,882,25,60],"class_list":{"0":"post-355516","1":"post","2":"type-post","3":"status-publish","4":"format-standard","5":"has-post-thumbnail","7":"category-marseille","8":"tag-actu","9":"tag-actualites","10":"tag-eu","11":"tag-europe","12":"tag-football","13":"tag-fr","14":"tag-france","15":"tag-ligue-1","16":"tag-marseille","17":"tag-news","18":"tag-provence-alpes-cote-dazur","19":"tag-republique-francaise","20":"tag-sports"},"share_on_mastodon":{"url":"https:\/\/pubeurope.com\/@fr\/115120747682124813","error":""},"_links":{"self":[{"href":"https:\/\/www.europesays.com\/fr\/wp-json\/wp\/v2\/posts\/355516","targetHints":{"allow":["GET"]}}],"collection":[{"href":"https:\/\/www.europesays.com\/fr\/wp-json\/wp\/v2\/posts"}],"about":[{"href":"https:\/\/www.europesays.com\/fr\/wp-json\/wp\/v2\/types\/post"}],"author":[{"embeddable":true,"href":"https:\/\/www.europesays.com\/fr\/wp-json\/wp\/v2\/users\/2"}],"replies":[{"embeddable":true,"href":"https:\/\/www.europesays.com\/fr\/wp-json\/wp\/v2\/comments?post=355516"}],"version-history":[{"count":0,"href":"https:\/\/www.europesays.com\/fr\/wp-json\/wp\/v2\/posts\/355516\/revisions"}],"wp:featuredmedia":[{"embeddable":true,"href":"https:\/\/www.europesays.com\/fr\/wp-json\/wp\/v2\/media\/355517"}],"wp:attachment":[{"href":"https:\/\/www.europesays.com\/fr\/wp-json\/wp\/v2\/media?parent=355516"}],"wp:term":[{"taxonomy":"category","embeddable":true,"href":"https:\/\/www.europesays.com\/fr\/wp-json\/wp\/v2\/categories?post=355516"},{"taxonomy":"post_tag","embeddable":true,"href":"https:\/\/www.europesays.com\/fr\/wp-json\/wp\/v2\/tags?post=355516"}],"curies":[{"name":"wp","href":"https:\/\/api.w.org\/{rel}","templated":true}]}}