{"id":355518,"date":"2025-08-31T01:19:18","date_gmt":"2025-08-31T01:19:18","guid":{"rendered":"https:\/\/www.europesays.com\/fr\/355518\/"},"modified":"2025-08-31T01:19:18","modified_gmt":"2025-08-31T01:19:18","slug":"sandra-viricel-immobilier-une-agence-lyonnaise-qui-a-fait-de-la-proximite-et-de-lexigence-sa-marque-de-fabrique","status":"publish","type":"post","link":"https:\/\/www.europesays.com\/fr\/355518\/","title":{"rendered":"Sandra Viricel Immobilier : une agence lyonnaise qui a fait de la proximit\u00e9 et de l\u2019exigence sa marque de fabrique"},"content":{"rendered":"<p>                                                        <img decoding=\"async\" fetchpriority=\"high\" width=\"2048\" height=\"718\" src=\"https:\/\/www.europesays.com\/fr\/wp-content\/uploads\/2025\/08\/sandra-viricel-immobilier.png\" class=\"thumb img-responsive m-x-auto block w-full\" alt=\"Sandra Viricel Immobilier\" caption=\"Sandra Viricel Immobilier page d'accueil \"\/><\/p>\n<p class=\"ez-toc-title ez-toc-toggle\" style=\"cursor: pointer\">Sommaire &amp; acc\u00e8s rapide<\/p>\n<p><a href=\"#\" class=\"ez-toc-pull-right ez-toc-btn ez-toc-btn-xs ez-toc-btn-default ez-toc-toggle\" aria-label=\"Toggle Table of Content\">Toggle<\/a><\/p>\n<p>\u00c0 Lyon, le march\u00e9 immobilier reste l\u2019un des plus dynamiques de France. Entre tension sur l\u2019offre, mont\u00e9e des prix et exigences accrues des acheteurs comme des vendeurs, se d\u00e9marquer exige \u00e0 la fois expertise, r\u00e9seau et authenticit\u00e9. C\u2019est pr\u00e9cis\u00e9ment sur ces piliers que <a href=\"https:\/\/www.sandraviricel-immobilier.com\/\" rel=\"nofollow noopener\" target=\"_blank\">Sandra Viricel Immobilier<\/a> a b\u00e2ti sa r\u00e9putation.<\/p>\n<p>Une entrepreneure lyonnaise inspirante<\/p>\n<p><img fetchpriority=\"high\" decoding=\"async\" src=\"data:image\/svg+xml,%3Csvg%20xmlns=\" http:=\"\" alt=\"Sandra Viricel agence immobili\u00e8re \u00e0 lyon\" width=\"1440\" height=\"1800\" class=\"alignnone size-full wp-image-385818\" data-lazy-src=\"https:\/\/www.europesays.com\/fr\/wp-content\/uploads\/2025\/08\/sandra-viricel.jpg\"\/><br \/>Connue du grand public pour son expertise dans l\u2019\u00e9mission t\u00e9l\u00e9vis\u00e9e recherche appartement ou maison, Sandra Viricel a su transformer cette visibilit\u00e9 en v\u00e9ritable levier entrepreneurial. En cr\u00e9ant son agence ind\u00e9pendante, elle a voulu proposer un accompagnement \u00e0 contre-courant des grands r\u00e9seaux impersonnels : privil\u00e9gier l\u2019\u00e9coute, la proximit\u00e9 et la transparence.<br \/><strong>\u00ab Chaque projet immobilier est avant tout une aventure humaine \u00bb<\/strong>, aime rappeler la dirigeante. Sa d\u00e9marche s\u00e9duit \u00e0 Lyon et dans sa r\u00e9gion, o\u00f9 son agence s\u2019impose d\u00e9sormais comme un acteur incontournable.<\/p>\n<p>Une agence centr\u00e9e sur l\u2019humain et la performance<\/p>\n<p>L\u2019\u00e9quipe de Sandra Viricel Immobilier accompagne aussi bien les familles en qu\u00eate de leur r\u00e9sidence principale que les investisseurs \u00e0 la recherche d\u2019opportunit\u00e9s. Vente, estimation, conseil patrimonial : les services sont pens\u00e9s pour r\u00e9pondre \u00e0 un march\u00e9 exigeant, avec la rigueur d\u2019un professionnel aguerri et la sensibilit\u00e9 d\u2019une entrepreneure passionn\u00e9e.<br \/>La force de l\u2019agence repose sur une connaissance fine des quartiers lyonnais et de leurs \u00e9volutions. Qu\u2019il s\u2019agisse du dynamisme de la Presqu\u2019\u00eele, du charme de la Croix-Rousse ou de l\u2019essor de l\u2019Ouest lyonnais, l\u2019\u00e9quipe sait capter les tendances et orienter ses clients avec justesse.<\/p>\n<p>L\u2019ouverture de Sandra Viricel Prestige \u00e0 Tassin-la-Demi-Lune<\/p>\n<p>Toujours en qu\u00eate d\u2019anticiper les besoins du march\u00e9, Sandra Viricel et son \u00e9quipe ont r\u00e9cemment ouvert une nouvelle structure : Sandra Viricel Prestige, install\u00e9e \u00e0 Tassin-la-Demi-Lune. Ce choix strat\u00e9gique n\u2019a rien d\u2019anodin.<br \/>Tassin et l\u2019Ouest lyonnais connaissent depuis plusieurs ann\u00e9es un fort engouement. Quartiers r\u00e9sidentiels recherch\u00e9s, cadre de vie verdoyant, proximit\u00e9 avec le centre de Lyon et infrastructures de qualit\u00e9 : la demande y est en constante progression, notamment pour des biens haut de gamme.<br \/>Avec Sandra Viricel Prestige, l\u2019agence vient r\u00e9pondre \u00e0 cette attente sp\u00e9cifique en proposant un accompagnement d\u00e9di\u00e9 aux transactions de prestige. L\u2019objectif : offrir le m\u00eame niveau de proximit\u00e9 et d\u2019exigence, mais avec un service taill\u00e9 sur mesure pour des biens d\u2019exception, qu\u2019il s\u2019agisse de belles demeures familiales, de villas contemporaines ou d\u2019appartements de standing.<br \/>En s\u2019implantant \u00e0 Tassin, Sandra Viricel confirme ainsi sa volont\u00e9 d\u2019\u00e9largir son empreinte tout en restant fid\u00e8le \u00e0 son ADN : mettre l\u2019humain et l\u2019expertise locale au c\u0153ur de chaque projet immobilier.<\/p>\n<p>Une personnalit\u00e9 discr\u00e8te mais inspirante<\/p>\n<p>Si elle reste g\u00e9n\u00e9ralement tr\u00e8s r\u00e9serv\u00e9e sur sa vie priv\u00e9e, Sandra Viricel a surpris et touch\u00e9 son public en publiant r\u00e9cemment un livre <a href=\"https:\/\/www.dunod.com\/vie-pratique\/secrets-d-une-agente-entreprendre-au-feminin-et-reussir-en-immobilier\" rel=\"nofollow noopener\" target=\"_blank\">\u00ab\u00a0Les secrets d\u2019une agente\u00a0\u00bb<\/a>. Cet ouvrage, bien plus qu\u2019un r\u00e9cit, ouvre une fen\u00eatre sur sa personnalit\u00e9 et son parcours. On y d\u00e9couvre une femme d\u00e9termin\u00e9e, \u00e0 l\u2019\u00e9nergie communicative, qui a b\u00e2ti son succ\u00e8s \u00e0 force de travail, de passion et d\u2019authenticit\u00e9.<\/p>\n<p>\u00c0 travers ces pages, la dirigeante se d\u00e9voile davantage, sans artifices, offrant un regard sinc\u00e8re sur ce qui la motive au quotidien et sur les valeurs qui fondent son entreprise.<\/p>\n<p>Chez Lyon-Entreprises, nous aimons mettre en avant les personnalit\u00e9s locales qui incarnent l\u2019\u00e9nergie entrepreneuriale de notre territoire. Sandra Viricel et son agence font partie de ces r\u00e9f\u00e9rences lyonnaises qui allient s\u00e9rieux, engagement et modernit\u00e9.<\/p>\n","protected":false},"excerpt":{"rendered":"Sommaire &amp; acc\u00e8s rapide Toggle \u00c0 Lyon, le march\u00e9 immobilier reste l\u2019un des plus dynamiques de France. Entre&hellip;\n","protected":false},"author":2,"featured_media":355519,"comment_status":"","ping_status":"","sticky":false,"template":"","format":"standard","meta":{"footnotes":""},"categories":[1889],"tags":[1111,11,2430,1777,674,1011,27,2428,12,25],"class_list":{"0":"post-355518","1":"post","2":"type-post","3":"status-publish","4":"format-standard","5":"has-post-thumbnail","7":"category-lyon","8":"tag-actu","9":"tag-actualites","10":"tag-auvergne-rhone-alpes","11":"tag-eu","12":"tag-europe","13":"tag-fr","14":"tag-france","15":"tag-lyon","16":"tag-news","17":"tag-republique-francaise"},"share_on_mastodon":{"url":"https:\/\/pubeurope.com\/@fr\/115120752045374135","error":""},"_links":{"self":[{"href":"https:\/\/www.europesays.com\/fr\/wp-json\/wp\/v2\/posts\/355518","targetHints":{"allow":["GET"]}}],"collection":[{"href":"https:\/\/www.europesays.com\/fr\/wp-json\/wp\/v2\/posts"}],"about":[{"href":"https:\/\/www.europesays.com\/fr\/wp-json\/wp\/v2\/types\/post"}],"author":[{"embeddable":true,"href":"https:\/\/www.europesays.com\/fr\/wp-json\/wp\/v2\/users\/2"}],"replies":[{"embeddable":true,"href":"https:\/\/www.europesays.com\/fr\/wp-json\/wp\/v2\/comments?post=355518"}],"version-history":[{"count":0,"href":"https:\/\/www.europesays.com\/fr\/wp-json\/wp\/v2\/posts\/355518\/revisions"}],"wp:featuredmedia":[{"embeddable":true,"href":"https:\/\/www.europesays.com\/fr\/wp-json\/wp\/v2\/media\/355519"}],"wp:attachment":[{"href":"https:\/\/www.europesays.com\/fr\/wp-json\/wp\/v2\/media?parent=355518"}],"wp:term":[{"taxonomy":"category","embeddable":true,"href":"https:\/\/www.europesays.com\/fr\/wp-json\/wp\/v2\/categories?post=355518"},{"taxonomy":"post_tag","embeddable":true,"href":"https:\/\/www.europesays.com\/fr\/wp-json\/wp\/v2\/tags?post=355518"}],"curies":[{"name":"wp","href":"https:\/\/api.w.org\/{rel}","templated":true}]}}