{"id":355520,"date":"2025-08-31T01:20:24","date_gmt":"2025-08-31T01:20:24","guid":{"rendered":"https:\/\/www.europesays.com\/fr\/355520\/"},"modified":"2025-08-31T01:20:24","modified_gmt":"2025-08-31T01:20:24","slug":"lyon-comment-repenser-nos-usages-futurs","status":"publish","type":"post","link":"https:\/\/www.europesays.com\/fr\/355520\/","title":{"rendered":"LYON : Comment repenser nos usages futurs ?"},"content":{"rendered":"<p style=\"text-align: left;\"><strong>Le festival France Design Week c\u00e9l\u00e8bre la diversit\u00e9 et la richesse du design et des designers fran\u00e7ais, dans toute la France, m\u00e9tropolitaine et outre-mer.<\/strong><\/p>\n<p style=\"text-align: left;\">De retour pour une 6e \u00e9dition, du 12 au 30 septembre, avec plus de 700 \u00e9v\u00e9nements programm\u00e9s, le festival a pour objectif de sensibiliser les professionnels et le grand public \u00e0 sa pratique.<\/p>\n<p style=\"text-align: left;\">La programmation mettra en lumi\u00e8re le design dans ses applications les plus vari\u00e9es et concr\u00e8tes \u00e0 travers des expositions, conf\u00e9rences, visites de studios de design, portes ouvertes d\u2019\u00e9coles, workshops\u2026<\/p>\n<p class=\"x_MsoNormal\" style=\"text-align: left;\"><b>Auvergne-Rh\u00f4ne-Alpes, Lyon<\/b><\/p>\n<p class=\"x_MsoNormal\" style=\"text-align: left;\"><b>Comment repenser nos usages futurs ?\u00a0Le 23 septembre<\/b><\/p>\n<p class=\"x_MsoNormal\" style=\"text-align: left;\">Le 23 septembre 2025 de 16h30 \u00e0 20h30, l\u2019\u00e9cole BRASSART Lyon propose un \u00e9v\u00e9nement autour du design utile, dans le cadre de la France Design Week. Au programme : exposition de design fiction \u00e9tudiante et deux tables rondes : \u00ab Comment repenser nos usages communs du futur ? \u00bb et \u00ab La cr\u00e9ation collective du futur \u00bb. L\u2019\u00e9v\u00e9nement met en lumi\u00e8re des visions innovantes centr\u00e9es sur l\u2019utilit\u00e9 publique et les interactions humaines.\u00a0<a title=\"https:\/\/services.hosting.augure.com\/Response\/c2lna\/%7B8ba528d2-cb8b-4f06-be99-9f055a823b86%7D\" href=\"https:\/\/services.hosting.augure.com\/Response\/c2lna\/%7B8ba528d2-cb8b-4f06-be99-9f055a823b86%7D\" target=\"_blank\" rel=\"noopener noreferrer nofollow\" data-auth=\"NotApplicable\" data-linkindex=\"0\">Plus d\u2019info ici<\/a><\/p>\n<p style=\"text-align: left;\"><strong>SOURCE : France Design Week, du 12 au 30 Septembre, partout en France.<\/strong><\/p>\n","protected":false},"excerpt":{"rendered":"Le festival France Design Week c\u00e9l\u00e8bre la diversit\u00e9 et la richesse du design et des designers fran\u00e7ais, dans&hellip;\n","protected":false},"author":2,"featured_media":355521,"comment_status":"","ping_status":"","sticky":false,"template":"","format":"standard","meta":{"footnotes":""},"categories":[1889],"tags":[1111,11,2430,1777,674,1011,27,2428,12,25],"class_list":{"0":"post-355520","1":"post","2":"type-post","3":"status-publish","4":"format-standard","5":"has-post-thumbnail","7":"category-lyon","8":"tag-actu","9":"tag-actualites","10":"tag-auvergne-rhone-alpes","11":"tag-eu","12":"tag-europe","13":"tag-fr","14":"tag-france","15":"tag-lyon","16":"tag-news","17":"tag-republique-francaise"},"share_on_mastodon":{"url":"https:\/\/pubeurope.com\/@fr\/115120755594784481","error":""},"_links":{"self":[{"href":"https:\/\/www.europesays.com\/fr\/wp-json\/wp\/v2\/posts\/355520","targetHints":{"allow":["GET"]}}],"collection":[{"href":"https:\/\/www.europesays.com\/fr\/wp-json\/wp\/v2\/posts"}],"about":[{"href":"https:\/\/www.europesays.com\/fr\/wp-json\/wp\/v2\/types\/post"}],"author":[{"embeddable":true,"href":"https:\/\/www.europesays.com\/fr\/wp-json\/wp\/v2\/users\/2"}],"replies":[{"embeddable":true,"href":"https:\/\/www.europesays.com\/fr\/wp-json\/wp\/v2\/comments?post=355520"}],"version-history":[{"count":0,"href":"https:\/\/www.europesays.com\/fr\/wp-json\/wp\/v2\/posts\/355520\/revisions"}],"wp:featuredmedia":[{"embeddable":true,"href":"https:\/\/www.europesays.com\/fr\/wp-json\/wp\/v2\/media\/355521"}],"wp:attachment":[{"href":"https:\/\/www.europesays.com\/fr\/wp-json\/wp\/v2\/media?parent=355520"}],"wp:term":[{"taxonomy":"category","embeddable":true,"href":"https:\/\/www.europesays.com\/fr\/wp-json\/wp\/v2\/categories?post=355520"},{"taxonomy":"post_tag","embeddable":true,"href":"https:\/\/www.europesays.com\/fr\/wp-json\/wp\/v2\/tags?post=355520"}],"curies":[{"name":"wp","href":"https:\/\/api.w.org\/{rel}","templated":true}]}}