{"id":35553,"date":"2025-04-19T03:57:24","date_gmt":"2025-04-19T03:57:24","guid":{"rendered":"https:\/\/www.europesays.com\/fr\/35553\/"},"modified":"2025-04-19T03:57:24","modified_gmt":"2025-04-19T03:57:24","slug":"nancy-les-travaux-rue-de-verdun-devraient-debuter-le-28-avril","status":"publish","type":"post","link":"https:\/\/www.europesays.com\/fr\/35553\/","title":{"rendered":"Nancy. Les travaux rue de Verdun devraient d\u00e9buter le 28 avril"},"content":{"rendered":"<p>La rue de Verdun, dont la chauss\u00e9e est fortement d\u00e9t\u00e9rior\u00e9e, <a href=\"https:\/\/www.estrepublicain.fr\/transport\/2025\/02\/01\/travaux-d-amenagements-rue-de-verdun-voici-la-solution-retenue\" target=\"_blank\" rel=\"noopener\">va faire l\u2019objet d\u2019une r\u00e9habilitation compl\u00e8te.<\/a> Seule la section comprise entre le boulevard Albert-1er et la rue Isabey sera concern\u00e9e par le sens unique, en direction du boulevard. Le quai Claude-le-Lorrain sera \u00e9galement partiellement mis en sens unique, entre la rue de Boudonville et la rue de Verdun.<\/p>\n<p>  Le calendrier pr\u00e9visionnel des travaux<\/p>\n<p>\u25b6 \u2002 \u00c0 partir du 22 avril : mise en sens unique du quai Claude-le-Lorrain, entre la rue de Boudonville et la rue de Verdun, sauf pour les cyclistes.<\/p>\n<p>\u25b6 \u2002 \u00c0 partir du 28 avril, pendant 6 semaines : r\u00e9am\u00e9nagement du trottoir et de la piste cyclable c\u00f4t\u00e9 impair, avec circulation maintenue \u00e0 sens unique vers le boulevard Albert-1er.<\/p>\n<p>\u25b6 \u2002 \u00c0 partir du 9 juin, pendant 4 semaines : intervention c\u00f4t\u00e9 pair. Les rues Jacquinot et Isabey seront ferm\u00e9es \u00e0 hauteur de leur intersection avec la rue de Verdun.<\/p>\n<p>\u25b6 \u2002 \u00c0 partir du 7 juillet, pendant 4 semaines : r\u00e9fection de la chauss\u00e9e, cr\u00e9ation de stationnements et am\u00e9nagements paysagers. La circulation sera totalement interrompue dans les deux sens entre le boulevard Albert-1er et la rue Isabey. Une d\u00e9viation sera mise en place par les rues de Metz et d\u2019Auxonne.<\/p>\n<p>\u25b6 \u2002 \u00c0 partir du 4 ao\u00fbt, pendant 3 semaines : rabotage et nivellement de la voirie. Fermeture compl\u00e8te de la rue de Verdun \u00e0 la circulation automobile, et mise en impasse des rues Jacquinot et Isabey.<\/p>\n<p>\u25b6 \u2002 Automne 2025 : ach\u00e8vement des travaux et mise en service de la nouvelle organisation de la circulation. Les plantations seront r\u00e9alis\u00e9es d\u00e9but 2026.<\/p>\n<p class=\"xsm-p\">Durant certaines phases des travaux, les modalit\u00e9s de ramassage des ordures m\u00e9nag\u00e8res seront temporairement modifi\u00e9es.<\/p>\n","protected":false},"excerpt":{"rendered":"La rue de Verdun, dont la chauss\u00e9e est fortement d\u00e9t\u00e9rior\u00e9e, va faire l\u2019objet d\u2019une r\u00e9habilitation compl\u00e8te. Seule la&hellip;\n","protected":false},"author":2,"featured_media":35554,"comment_status":"","ping_status":"","sticky":false,"template":"","format":"standard","meta":{"footnotes":""},"categories":[9635],"tags":[1111,11,3542,1704,1777,674,1011,27,775,1702,1703,12,25,2803],"class_list":{"0":"post-35553","1":"post","2":"type-post","3":"status-publish","4":"format-standard","5":"has-post-thumbnail","7":"category-nancy","8":"tag-actu","9":"tag-actualites","10":"tag-circulation","11":"tag-edition-nancy-et-agglomeration","12":"tag-eu","13":"tag-europe","14":"tag-fr","15":"tag-france","16":"tag-grand-est","17":"tag-nancy","18":"tag-nancy-ville-54b","19":"tag-news","20":"tag-republique-francaise","21":"tag-transport"},"share_on_mastodon":{"url":"https:\/\/pubeurope.com\/@fr\/114362623203087505","error":""},"_links":{"self":[{"href":"https:\/\/www.europesays.com\/fr\/wp-json\/wp\/v2\/posts\/35553","targetHints":{"allow":["GET"]}}],"collection":[{"href":"https:\/\/www.europesays.com\/fr\/wp-json\/wp\/v2\/posts"}],"about":[{"href":"https:\/\/www.europesays.com\/fr\/wp-json\/wp\/v2\/types\/post"}],"author":[{"embeddable":true,"href":"https:\/\/www.europesays.com\/fr\/wp-json\/wp\/v2\/users\/2"}],"replies":[{"embeddable":true,"href":"https:\/\/www.europesays.com\/fr\/wp-json\/wp\/v2\/comments?post=35553"}],"version-history":[{"count":0,"href":"https:\/\/www.europesays.com\/fr\/wp-json\/wp\/v2\/posts\/35553\/revisions"}],"wp:featuredmedia":[{"embeddable":true,"href":"https:\/\/www.europesays.com\/fr\/wp-json\/wp\/v2\/media\/35554"}],"wp:attachment":[{"href":"https:\/\/www.europesays.com\/fr\/wp-json\/wp\/v2\/media?parent=35553"}],"wp:term":[{"taxonomy":"category","embeddable":true,"href":"https:\/\/www.europesays.com\/fr\/wp-json\/wp\/v2\/categories?post=35553"},{"taxonomy":"post_tag","embeddable":true,"href":"https:\/\/www.europesays.com\/fr\/wp-json\/wp\/v2\/tags?post=35553"}],"curies":[{"name":"wp","href":"https:\/\/api.w.org\/{rel}","templated":true}]}}