{"id":355540,"date":"2025-08-31T01:30:16","date_gmt":"2025-08-31T01:30:16","guid":{"rendered":"https:\/\/www.europesays.com\/fr\/355540\/"},"modified":"2025-08-31T01:30:16","modified_gmt":"2025-08-31T01:30:16","slug":"royaume-uni-trois-hommes-inculpes-apres-une-manifestation-devant-un-hotel-hebergeant-des-demandeurs-dasile","status":"publish","type":"post","link":"https:\/\/www.europesays.com\/fr\/355540\/","title":{"rendered":"Royaume-Uni\u00a0: trois hommes inculp\u00e9s apr\u00e8s une manifestation devant un h\u00f4tel h\u00e9bergeant des demandeurs d\u2019asile"},"content":{"rendered":"<p class=\"paragraph text_align_left lp-f-body-02\">Ils avaient \u00e9t\u00e9 arr\u00eat\u00e9s ce vendredi 29 ao\u00fbt, lors d\u2019<a href=\"https:\/\/www.leparisien.fr\/international\/royaume-uni\/sous-pression-des-manifestants-anti-immigration-le-gouvernement-britannique-promet-daccelerer-les-recours-des-demandeurs-dasile-24-08-2025-Y76UN4YDNFE6FHBPCNMKVN2E7I.php\" target=\"_blank\" rel=\"noreferrer nofollow noopener\">une manifestation \u00e0 Epping<\/a>, au nord de <a href=\"https:\/\/www.leparisien.fr\/politique\/sejour-royal-a-londres-pour-emmanuel-macron-afin-dappuyer-le-lien-special-entre-la-france-et-le-royaume-uni-07-07-2025-FPUE2B6J3FCGPO7GKCM7HEODIQ.php\" target=\"_blank\" rel=\"noreferrer nofollow noopener\">Londres<\/a>, devant un h\u00f4tel h\u00e9bergeant des demandeurs d\u2019asile. Trois hommes ont \u00e9t\u00e9 inculp\u00e9s ce samedi 30 ao\u00fbt : l\u2019un est soup\u00e7onn\u00e9 d\u2019avoir agress\u00e9 un policier, l\u2019autre d\u2019avoir conduit en \u00e9tat d\u2019ivresse et roul\u00e9 \u00e0 contresens vers un cordon de police. Quant au troisi\u00e8me homme, il a \u00e9t\u00e9 arr\u00eat\u00e9 pour des violences.<\/p>\n<p class=\"paragraph text_align_left lp-f-body-02\">Cette manifestation a eu lieu quelques heures apr\u00e8s la d\u00e9cision d\u2019une cour d\u2019appel d\u2019autoriser \u00e0 nouveau l\u2019accueil de <a href=\"https:\/\/www.leparisien.fr\/societe\/demandes-dasile-naturalisation-titres-de-sejour-ce-que-disent-les-chiffres-de-limmigration-en-france-04-02-2025-UD7UGTP2VZAM5K2CYABHBMAW3M.php\" target=\"_blank\" rel=\"noreferrer nofollow noopener\">demandeurs d\u2019asile<\/a> dans cet \u00e9tablissement, le Bell Hotel.<\/p>\n<p class=\"paragraph text_align_left lp-f-body-02\">Lors du rassemblement, deux membres des forces de l\u2019ordre ont \u00e9t\u00e9 l\u00e9g\u00e8rement bless\u00e9s, a pr\u00e9cis\u00e9 la police de l\u2019Essex.<\/p>\n<p>Des manifestations tout le week-end<\/p>\n<p class=\"paragraph text_align_left lp-f-body-02\">Plusieurs manifestations sont organis\u00e9es ce week-end au <a href=\"https:\/\/www.leparisien.fr\/international\/royaume-uni\/\" target=\"_blank\" rel=\"noreferrer nofollow noopener\">Royaume-Uni<\/a> devant des h\u00f4tels h\u00e9bergeant des demandeurs d\u2019asile, apr\u00e8s la d\u00e9cision de la cour d\u2019appel.<\/p>\n<p class=\"paragraph text_align_left lp-f-body-02\">Dans l\u2019ouest de Londres, cinq personnes ont \u00e9t\u00e9 arr\u00eat\u00e9es samedi lors d\u2019une manifestation qui a rassembl\u00e9 environ 500 personnes et durant laquelle un groupe d\u2019hommes masqu\u00e9s a tent\u00e9 d\u2019entrer dans un h\u00f4tel, selon la police m\u00e9tropolitaine.<\/p>\n<p class=\"paragraph text_align_left lp-f-body-02\">En <a href=\"https:\/\/www.leparisien.fr\/international\/etats-unis\/lecosse-deteste-trump-des-manifestations-organisees-a-edimbourg-contre-le-president-americain-occupe-a-jouer-au-golf-26-07-2025-TQKAUKXHP5E2HPQQFRE5QKWB6U.php\" target=\"_blank\" rel=\"noreferrer nofollow noopener\">\u00c9cosse<\/a>, \u00e0 Falkirk, des tensions ont eu lieu devant un h\u00f4tel o\u00f9 se sont rassembl\u00e9s des manifestants anti-immigration et des contre-manifestants.<\/p>\n<p class=\"paragraph text_align_left lp-f-body-02\">Des rassemblements, parfois marqu\u00e9s par des tensions, ont eu lieu tout au long de l\u2019\u00e9t\u00e9 devant le Bell Hotel et plusieurs autres \u00e9tablissements dans le pays.<\/p>\n<p>\u00ab Plusieurs erreurs \u00bb<\/p>\n<p class=\"paragraph text_align_left lp-f-body-02\">Elles ont d\u00e9marr\u00e9 apr\u00e8s l\u2019inculpation d\u2019un demandeur d\u2019asile, accus\u00e9 d\u2019avoir tent\u00e9 d\u2019embrasser une adolescente de 14 ans \u00e0 Epping, ce qu\u2019il nie. Cet \u00c9thiopien de 38 ans \u00e9tait arriv\u00e9 quelques jours plus t\u00f4t en Angleterre en traversant la Manche sur un petit bateau.<\/p>\n<p class=\"paragraph text_align_left lp-f-body-02\">Mettant en avant les inqui\u00e9tudes de la population, le conseil local d\u2019Epping avait obtenu de la justice la semaine derni\u00e8re une injonction temporaire ordonnant au Bell Hotel de ne plus accueillir de demandeurs d\u2019asile. Mais la cour d\u2019appel a jug\u00e9 vendredi que cette d\u00e9cision \u00e9tait marqu\u00e9e par \u00ab plusieurs erreurs \u00bb.<\/p>\n<p class=\"paragraph text_align_left lp-f-body-02\">Elle risquait notamment d\u2019\u00ab inciter ou d\u2019encourager de nouvelles manifestations dont certaines auraient pu d\u00e9g\u00e9n\u00e9rer en troubles autour des centres d\u2019accueil pour demandeurs d\u2019asile \u00bb.<\/p>\n<p>Record de demandes d\u2019asile<\/p>\n<p class=\"paragraph text_align_left lp-f-body-02\">Selon plusieurs m\u00e9dias, des conseils locaux comptent d\u00e9poser de nouveaux recours contre ces h\u00f4tels. Mais la d\u00e9cision de la cour d\u2019appel repr\u00e9sente un soulagement pour le gouvernement travailliste de <a href=\"https:\/\/www.leparisien.fr\/international\/israel\/guerre-a-gaza-le-royaume-uni-reconnaitra-letat-de-palestine-en-septembre-sauf-si-israel-prend-certains-engagements-29-07-2025-OHNAESK5X5DILMFH3IRYHTMKWE.php\" target=\"_blank\" rel=\"noreferrer nofollow noopener\">Keir Starmer<\/a>.<\/p>\n<p class=\"paragraph text_align_left lp-f-body-02\">Plus de 111 000 personnes ont demand\u00e9 l\u2019asile au Royaume-Uni ces douze derniers mois, un record. Les autorit\u00e9s ont l\u2019obligation d\u2019h\u00e9berger celles qui n\u2019ont pas de solution d\u2019accueil et 32 059 demandeurs d\u2019asile \u00e9taient h\u00e9berg\u00e9s dans un peu plus de 200 h\u00f4tels \u00e0 la fin juin. Le gouvernement a promis de ne plus avoir recours d\u2019ici 2 029 \u00e0 ce type d\u2019h\u00e9bergement jug\u00e9 trop on\u00e9reux.<\/p>\n<p class=\"paragraph text_align_left lp-f-body-02\">Le sujet de l\u2019immigration a domin\u00e9 l\u2019actualit\u00e9 cet \u00e9t\u00e9 au Royaume-Uni. L\u2019opposition conservatrice et surtout le parti d\u2019extr\u00eame droite Reform UK mettent la pression sur Keir Starmer.<\/p>\n<p class=\"paragraph text_align_left lp-f-body-02\">\u00ab Si vous <a href=\"https:\/\/www.leparisien.fr\/societe\/pres-de-20-000-migrants-ont-traverse-la-manche-depuis-le-1er-janvier-un-record-01-07-2025-UCPLYSC7WJF4BNU7LF4L6IHVRM.php\" target=\"_blank\" rel=\"noreferrer nofollow noopener\">traversez la Manche<\/a> ill\u00e9galement, vous serez d\u00e9tenu et renvoy\u00e9 \u00bb, a \u00e9crit le dirigeant travailliste sur X samedi, dans un message adress\u00e9 aux migrants.<\/p>\n<p class=\"paragraph text_align_left lp-f-body-02\">Un <a href=\"https:\/\/www.leparisien.fr\/international\/royaume-uni\/apres-sa-rencontre-avec-macron-starmer-annonce-un-accord-pour-un-echange-de-migrants-entre-le-royaume-uni-et-la-france-10-07-2025-XGVTXQXVENBHTDLZJWOC4PPATU.php\" target=\"_blank\" rel=\"noreferrer nofollow noopener\">accord conclu avec Paris<\/a> est entr\u00e9 en vigueur d\u00e9but ao\u00fbt : il pr\u00e9voit le retour en France de migrants arriv\u00e9s \u00e0 bord de petites embarcations au Royaume-Uni en \u00e9change de l\u2019envoi outre-Manche de migrants se trouvant en France.<\/p>\n<p class=\"paragraph text_align_left lp-f-body-02\">Une nouvelle audience est pr\u00e9vue mi-octobre pour d\u00e9cider de l\u2019autorisation ou non d\u2019h\u00e9berger de mani\u00e8re permanente des demandeurs d\u2019asile au Bell Hotel.<\/p>\n","protected":false},"excerpt":{"rendered":"Ils avaient \u00e9t\u00e9 arr\u00eat\u00e9s ce vendredi 29 ao\u00fbt, lors d\u2019une manifestation \u00e0 Epping, au nord de Londres, devant&hellip;\n","protected":false},"author":2,"featured_media":355541,"comment_status":"","ping_status":"","sticky":false,"template":"","format":"standard","meta":{"footnotes":""},"categories":[1588],"tags":[11,1777,674,14,12,473,1853,1851,1850,1852],"class_list":{"0":"post-355540","1":"post","2":"type-post","3":"status-publish","4":"format-standard","5":"has-post-thumbnail","7":"category-royaume-uni","8":"tag-actualites","9":"tag-eu","10":"tag-europe","11":"tag-international","12":"tag-news","13":"tag-royaume-uni","14":"tag-royaume-uni-de-grande-bretagne-et-dirlande-du-nord","15":"tag-uk","16":"tag-united-kingdom","17":"tag-united-kingdom-of-great-britain-and-northern-ireland"},"share_on_mastodon":{"url":"https:\/\/pubeurope.com\/@fr\/115120794749779779","error":""},"_links":{"self":[{"href":"https:\/\/www.europesays.com\/fr\/wp-json\/wp\/v2\/posts\/355540","targetHints":{"allow":["GET"]}}],"collection":[{"href":"https:\/\/www.europesays.com\/fr\/wp-json\/wp\/v2\/posts"}],"about":[{"href":"https:\/\/www.europesays.com\/fr\/wp-json\/wp\/v2\/types\/post"}],"author":[{"embeddable":true,"href":"https:\/\/www.europesays.com\/fr\/wp-json\/wp\/v2\/users\/2"}],"replies":[{"embeddable":true,"href":"https:\/\/www.europesays.com\/fr\/wp-json\/wp\/v2\/comments?post=355540"}],"version-history":[{"count":0,"href":"https:\/\/www.europesays.com\/fr\/wp-json\/wp\/v2\/posts\/355540\/revisions"}],"wp:featuredmedia":[{"embeddable":true,"href":"https:\/\/www.europesays.com\/fr\/wp-json\/wp\/v2\/media\/355541"}],"wp:attachment":[{"href":"https:\/\/www.europesays.com\/fr\/wp-json\/wp\/v2\/media?parent=355540"}],"wp:term":[{"taxonomy":"category","embeddable":true,"href":"https:\/\/www.europesays.com\/fr\/wp-json\/wp\/v2\/categories?post=355540"},{"taxonomy":"post_tag","embeddable":true,"href":"https:\/\/www.europesays.com\/fr\/wp-json\/wp\/v2\/tags?post=355540"}],"curies":[{"name":"wp","href":"https:\/\/api.w.org\/{rel}","templated":true}]}}