{"id":355542,"date":"2025-08-31T01:31:10","date_gmt":"2025-08-31T01:31:10","guid":{"rendered":"https:\/\/www.europesays.com\/fr\/355542\/"},"modified":"2025-08-31T01:31:10","modified_gmt":"2025-08-31T01:31:10","slug":"en-allemagne-une-neonazie-trans-fuit-le-pays-avant-son-incarceration-2","status":"publish","type":"post","link":"https:\/\/www.europesays.com\/fr\/355542\/","title":{"rendered":"En Allemagne, une n\u00e9onazie trans fuit le pays avant son incarc\u00e9ration"},"content":{"rendered":"<p class=\"mb-4 text-lg md:leading-8 break-words\">Vendredi 29\u00a0ao\u00fbt, Marla-Svenja Liebich, anciennement connue sous le nom de Sven Liebich, assign\u00e9 homme \u00e0 la naissance avant une transition de genre, devait se pr\u00e9senter \u00e0 la prison de Chemnitz, en Saxe, pour commencer \u00e0 purger la peine \u00e0 laquelle elle avait \u00e9t\u00e9 condamn\u00e9e en 2023.<\/p>\n<p class=\"mb-4 text-lg md:leading-8 break-words\">Mais il n&rsquo;en a rien \u00e9t\u00e9, \u00e0 en croire un message publi\u00e9 sur son compte X. \u00ab\u00a0L&rsquo;exploit d&rsquo;un tour de magie\u00a0: tous les regards sont attir\u00e9s vers l&rsquo;arri\u00e8re-plan tandis que le sujet dispara\u00eet dans l&rsquo;ombre\u00a0\u00bb, a-t-elle \u00e9crit, r\u00e9v\u00e9lant sa fuite.<\/p>\n<p class=\"mb-4 text-lg md:leading-8 break-words\">\u00c0 LIRE AUSSI <strong class=\"strong\"><a href=\"https:\/\/www.lepoint.fr\/debats\/sexe-biologique-ou-identite-le-dilemme-du-passeport-04-02-2025-2581509_2.php\" rel=\"nofollow noopener\" target=\"_blank\" data-ylk=\"slk:Sexe biologique ou identit\u00e9\u00a0? Le dilemme du passeport;elm:context_link;itc:0;sec:content-canvas\" class=\"link \">Sexe biologique ou identit\u00e9\u00a0? Le dilemme du passeport<\/a><\/strong><\/p>\n<p class=\"mb-4 text-lg md:leading-8 break-words\">Sven Liebich, 54\u00a0ans, \u00e9tait une figure bien connue des milieux <a class=\"link \" href=\"https:\/\/www.lepoint.fr\/monde\/l-afd-premier-parti-d-allemagne-friedrich-merz-deja-sous-pression-24-04-2025-2588125_24.php\" rel=\"nofollow noopener\" target=\"_blank\" data-ylk=\"slk:d&#039;extr\u00eame droite en Allemagne;elm:context_link;itc:0;sec:content-canvas\">d&rsquo;extr\u00eame droite en Allemagne <\/a>de l&rsquo;Est. Selon la presse allemande, il \u00e9tait membre du r\u00e9seau <a class=\"link \" href=\"https:\/\/www.lepoint.fr\/histoire\/mein-kampf-n-est-pas-tombe-dans-l-oubli-18-07-2025-2594639_1615.php\" rel=\"nofollow noopener\" target=\"_blank\" data-ylk=\"slk:n\u00e9onazi;elm:context_link;itc:0;sec:content-canvas\">n\u00e9onazi<\/a> Blood and Honour, fond\u00e9 en 1987. Condamn\u00e9 \u00e0\u00a018\u00a0mois de prison pour incitation \u00e0 la haine, diffamation et outrage, il avait notamment multipli\u00e9 les prises de position x\u00e9nophobes et transphobes.<\/p>\n<p>Une critique de la loi sur l&rsquo;autod\u00e9termination<\/p>\n<p class=\"mb-4 text-lg md:leading-8 break-words\">Car c&rsquo;est bien toute l&rsquo;ironie de cette affaire\u00a0: Marla-Svenja Liebich n&rsquo;est, a priori, pas une d\u00e9fenseure des droits des personnes LGBT, mais une transphobe convaincue. Selon des m\u00e9dias allemands, cit\u00e9s par <a class=\"link \" href=\"https:\/\/www.courrierinternational.com\/article\/politique-en-allemagne-une-personnalite-transphobe-change-d-etat-civil-pour-ridiculiser-une-loi-favorable-aux-trans_234353\" rel=\"nofollow noopener\" target=\"_blank\" data-ylk=\"slk:Courrier International;elm:context_link;itc:0;sec:content-canvas\">Courrier International<\/a>, la proc\u00e9dure de <a class=\"link \" href=\"https:\/\/www.lepoint.fr\/debats\/changer-de-genre-ce-n-est-pas-une-mince-affaire-17-10-2020-2396826_2.php\" rel=\"nofollow noopener\" target=\"_blank\" data-ylk=\"slk:transition de genre;elm:context_link;itc:0;sec:content-canvas\">transition de genre<\/a> effectu\u00e9e par Marla-Svenja Liebich en\u00a02024\u00a0visait \u00e0 ridiculiser la loi allemande vot\u00e9e le 1er\u00a0janvier de cette m\u00eame ann\u00e9e, pr\u00e9voyant le droit de changer de pr\u00e9nom et de genre sans pr\u00e9senter de documents m\u00e9dicaux, en en faisant la [&#8230;] <a href=\"https:\/\/www.lepoint.fr\/monde\/en-allemagne-une-neonazie-trans-fuit-le-pays-avant-son-incarceration-30-08-2025-2597351_24.php\" rel=\"nofollow noopener\" target=\"_blank\" data-ylk=\"slk:Lire la suite;elm:context_link;itc:0;sec:content-canvas\" class=\"link \">Lire la suite<\/a><\/p>\n","protected":false},"excerpt":{"rendered":"Vendredi 29\u00a0ao\u00fbt, Marla-Svenja Liebich, anciennement connue sous le nom de Sven Liebich, assign\u00e9 homme \u00e0 la naissance avant&hellip;\n","protected":false},"author":2,"featured_media":355543,"comment_status":"","ping_status":"","sticky":false,"template":"","format":"standard","meta":{"footnotes":""},"categories":[1587],"tags":[11,672,1804,1805,1803,1777,674,1801,49161,49159,12,49162,1802,49160],"class_list":{"0":"post-355542","1":"post","2":"type-post","3":"status-publish","4":"format-standard","5":"has-post-thumbnail","7":"category-allemagne","8":"tag-actualites","9":"tag-allemagne","10":"tag-bundesrepublik-deutschland","11":"tag-de","12":"tag-deutschland","13":"tag-eu","14":"tag-europe","15":"tag-germany","16":"tag-liebich","17":"tag-marla-svenja-liebich","18":"tag-news","19":"tag-presse-allemande","20":"tag-republique-federale-dallemagne","21":"tag-sven-liebich"},"share_on_mastodon":{"url":"https:\/\/pubeurope.com\/@fr\/115120798793342082","error":""},"_links":{"self":[{"href":"https:\/\/www.europesays.com\/fr\/wp-json\/wp\/v2\/posts\/355542","targetHints":{"allow":["GET"]}}],"collection":[{"href":"https:\/\/www.europesays.com\/fr\/wp-json\/wp\/v2\/posts"}],"about":[{"href":"https:\/\/www.europesays.com\/fr\/wp-json\/wp\/v2\/types\/post"}],"author":[{"embeddable":true,"href":"https:\/\/www.europesays.com\/fr\/wp-json\/wp\/v2\/users\/2"}],"replies":[{"embeddable":true,"href":"https:\/\/www.europesays.com\/fr\/wp-json\/wp\/v2\/comments?post=355542"}],"version-history":[{"count":0,"href":"https:\/\/www.europesays.com\/fr\/wp-json\/wp\/v2\/posts\/355542\/revisions"}],"wp:featuredmedia":[{"embeddable":true,"href":"https:\/\/www.europesays.com\/fr\/wp-json\/wp\/v2\/media\/355543"}],"wp:attachment":[{"href":"https:\/\/www.europesays.com\/fr\/wp-json\/wp\/v2\/media?parent=355542"}],"wp:term":[{"taxonomy":"category","embeddable":true,"href":"https:\/\/www.europesays.com\/fr\/wp-json\/wp\/v2\/categories?post=355542"},{"taxonomy":"post_tag","embeddable":true,"href":"https:\/\/www.europesays.com\/fr\/wp-json\/wp\/v2\/tags?post=355542"}],"curies":[{"name":"wp","href":"https:\/\/api.w.org\/{rel}","templated":true}]}}