{"id":355544,"date":"2025-08-31T01:32:17","date_gmt":"2025-08-31T01:32:17","guid":{"rendered":"https:\/\/www.europesays.com\/fr\/355544\/"},"modified":"2025-08-31T01:32:17","modified_gmt":"2025-08-31T01:32:17","slug":"sur-le-quantique-leurope-et-la-france-veulent-innover-avant-de-reguler-pour-une-fois","status":"publish","type":"post","link":"https:\/\/www.europesays.com\/fr\/355544\/","title":{"rendered":"Sur le quantique, l\u2019Europe et la France veulent innover avant de r\u00e9guler (pour une fois)"},"content":{"rendered":"<p>\n L\u2019\u00e8re du quantique a-t-elle d\u00e9j\u00e0 sonn\u00e9\u00a0? La perspective d\u2019une r\u00e9volution technologique a, en tout cas, conduit la Commission europ\u00e9enne \u00e0 publier, le 2\u00a0juillet,<br \/>\n <a href=\"https:\/\/digital-strategy.ec.europa.eu\/en\/library\/quantum-europe-strategy\" rel=\"nofollow noopener\" target=\"_blank\"><br \/>\n  une\u00a0communication<br \/>\n <\/a><br \/>\n visant \u00e0 \u00e9tablir \u00ab\u00a0un plan directeur\u00a0pour l\u2019avenir quantique de l\u2019Europe\u00a0\u00bb.\n<\/p>\n<p>\n Selon la Commission, nous aurions atteint un \u00ab\u00a0point d\u2019inflexion\u00a0\u00bb dans un contexte o\u00f9 la \u00ab\u00a0course mondiale pour ma\u00eetriser les technologies quantiques s\u2019acc\u00e9l\u00e8re\u00a0\u00bb.\n<\/p>\n<p>\n Certaines \u00e9tudes, comme celle r\u00e9alis\u00e9e<br \/>\n <a href=\"https:\/\/www.ibm.com\/quantum\/blog\/large-scale-ftqc\" rel=\"nofollow noopener\" target=\"_blank\"><br \/>\n  par IBM<br \/>\n <\/a><br \/>\n en juin dernier, misent sur 2026 pour\u2026<\/p>\n","protected":false},"excerpt":{"rendered":"L\u2019\u00e8re du quantique a-t-elle d\u00e9j\u00e0 sonn\u00e9\u00a0? La perspective d\u2019une r\u00e9volution technologique a, en tout cas, conduit la Commission&hellip;\n","protected":false},"author":2,"featured_media":355545,"comment_status":"","ping_status":"","sticky":false,"template":"","format":"standard","meta":{"footnotes":""},"categories":[1586],"tags":[11,1777,674,1011,27,12,25],"class_list":{"0":"post-355544","1":"post","2":"type-post","3":"status-publish","4":"format-standard","5":"has-post-thumbnail","7":"category-europe","8":"tag-actualites","9":"tag-eu","10":"tag-europe","11":"tag-fr","12":"tag-france","13":"tag-news","14":"tag-republique-francaise"},"share_on_mastodon":{"url":"https:\/\/pubeurope.com\/@fr\/115120802581874252","error":""},"_links":{"self":[{"href":"https:\/\/www.europesays.com\/fr\/wp-json\/wp\/v2\/posts\/355544","targetHints":{"allow":["GET"]}}],"collection":[{"href":"https:\/\/www.europesays.com\/fr\/wp-json\/wp\/v2\/posts"}],"about":[{"href":"https:\/\/www.europesays.com\/fr\/wp-json\/wp\/v2\/types\/post"}],"author":[{"embeddable":true,"href":"https:\/\/www.europesays.com\/fr\/wp-json\/wp\/v2\/users\/2"}],"replies":[{"embeddable":true,"href":"https:\/\/www.europesays.com\/fr\/wp-json\/wp\/v2\/comments?post=355544"}],"version-history":[{"count":0,"href":"https:\/\/www.europesays.com\/fr\/wp-json\/wp\/v2\/posts\/355544\/revisions"}],"wp:featuredmedia":[{"embeddable":true,"href":"https:\/\/www.europesays.com\/fr\/wp-json\/wp\/v2\/media\/355545"}],"wp:attachment":[{"href":"https:\/\/www.europesays.com\/fr\/wp-json\/wp\/v2\/media?parent=355544"}],"wp:term":[{"taxonomy":"category","embeddable":true,"href":"https:\/\/www.europesays.com\/fr\/wp-json\/wp\/v2\/categories?post=355544"},{"taxonomy":"post_tag","embeddable":true,"href":"https:\/\/www.europesays.com\/fr\/wp-json\/wp\/v2\/tags?post=355544"}],"curies":[{"name":"wp","href":"https:\/\/api.w.org\/{rel}","templated":true}]}}