{"id":355546,"date":"2025-08-31T01:33:15","date_gmt":"2025-08-31T01:33:15","guid":{"rendered":"https:\/\/www.europesays.com\/fr\/355546\/"},"modified":"2025-08-31T01:33:15","modified_gmt":"2025-08-31T01:33:15","slug":"tfc-psg-luis-enrique-a-eu-des-mots-agreables-mais-je-lui-ai-dit-quon-en-avait-quand-meme-pris-six-carles-martinez-novell-revient-sur-la-defaite-de-son-equ","status":"publish","type":"post","link":"https:\/\/www.europesays.com\/fr\/355546\/","title":{"rendered":"TFC-PSG\u00a0: \u00ab\u00a0Luis Enrique a eu des mots agr\u00e9ables\u2026 Mais je lui ai dit qu\u2019on en avait quand m\u00eame pris six\u00a0!\u00a0\u00bb, Carles Martinez Novell revient sur la d\u00e9faite de son \u00e9quipe"},"content":{"rendered":"<p>\n                                                                    l&rsquo;essentiel<br \/>\n                                                                Apr\u00e8s deux succ\u00e8s en autant de matchs le TFC a lourdement chut\u00e9 devant l\u2019ogre parisien samedi soir \u00e0 domicile (3-6). Une d\u00e9faite qui ne doit toutefois pas tout remettre en cause selon l\u2019entra\u00eeneur toulousain Carles Martinez Novell.\n                            <\/p>\n<p class=\"txt-question\">Carles, que retenez-vous de cette d\u00e9faite et ce match un peu fou face au Paris Saint-Germain\u00a0?<\/p>\n<p>Mon premier sentiment c\u2019est la frustration. Les joueurs, les supporters avaient beaucoup d\u2019attente sur ce match. On a mis de l\u2019\u00e9nergie en d\u00e9but de rencontre mais c\u2019est difficile d\u2019\u00eatre men\u00e9 2-0 au bout de dix minutes. Notre plan c\u2019\u00e9tait d\u2019\u00eatre tr\u00e8s fort d\u00e9fensivement mais le premier but, qu\u2019ils ont marqu\u00e9 assez facilement, nous a fait mal. C\u2019est dommage de ne pas avoir mis ce but sur penalty car \u00e0 4-2 \u00e0 la pause la deuxi\u00e8me mi-temps aurait pu \u00eatre diff\u00e9rente.<\/p>\n<p class=\"std-elt__inline\">\n        <strong>\u00c0 lire aussi :<\/strong><br \/>\n        <a href=\"https:\/\/www.ladepeche.fr\/2025\/08\/31\/tfc-psg-au-stadium-aussi-cetait-un-festival-comment-les-violets-ont-dabord-sombre-avant-de-se-relever-dans-les-ultimes-instants-12902173.php\" rel=\"nofollow noopener\" target=\"_blank\">TFC-PSG\u00a0: au Stadium aussi, c\u2019\u00e9tait un festival\u00a0! Comment les Violets ont d\u2019abord sombr\u00e9 avant de se relever dans les ultimes instants<\/a>\n    <\/p>\n<p class=\"txt-question\">De l\u2019ext\u00e9rieur on a pu ressentir un manque d\u2019intensit\u00e9 dans les duels de la part de votre \u00e9quipe. Est-ce \u00e9galement votre avis\u00a0?<\/p>\n<p>Avant le premier but nous avions montr\u00e9 de belles choses. Mais les deux buts se sont encha\u00een\u00e9s trop vite et c\u2019est devenu compliqu\u00e9 ensuite de trouver le bon \u00e9quilibre. Paris c\u2019est quand m\u00eame une \u00e9quipe impressionnante. Comme je l\u2019ai dit avant le match\u00a0: nous n\u2019\u00e9tions pas la meilleure \u00e9quipe avec nos six points en deux matchs mais nous ne sommes pas devenus catastrophiques non plus apr\u00e8s ce revers. Il faut continuer d\u2019avancer.<\/p>\n<p class=\"std-elt__inline\">\n        <strong>\u00c0 lire aussi :<\/strong><br \/>\n        <a href=\"https:\/\/www.ladepeche.fr\/2025\/08\/31\/tfc-psg-pourquoi-frank-magri-na-pas-retente-sa-chance-apres-son-penalty-manque-12902179.php\" rel=\"nofollow noopener\" target=\"_blank\">TFC-PSG\u00a0: pourquoi Frank Magri n\u2019a pas retent\u00e9 sa chance apr\u00e8s son penalty manqu\u00e9<\/a>\n    <\/p>\n<p class=\"txt-question\">Quelle est votre analyse sur la s\u00e9quence du penalty d\u2019abord tir\u00e9 par Franck Magri puis finalement retir\u00e9 par Casseres apr\u00e8s son \u00e9chec et la deuxi\u00e8me tentative accord\u00e9e par l\u2019arbitre\u00a0?<\/p>\n<p>Franck a d\u00e9cid\u00e9 de tirer le premier puis Casseres a pris le deuxi\u00e8me. C\u2019est une d\u00e9cision prise sur le coup. Casseres a voulu prendre ses responsabilit\u00e9s pour aider l\u2019\u00e9quipe. Ce n\u2019est pas le tireur habituel mais je sais qu\u2019il a voulu bien faire pour tirer l\u2019\u00e9quipe vers le haut.<\/p>\n<p class=\"txt-question\">Quel regard portez-vous sur les performances de plus en plus accomplies de Dayann Methalie\u00a0?<\/p>\n<p>J\u2019ai pas mal parl\u00e9 avec lui cette semaine car il venait de faire deux tr\u00e8s bons matchs et il faut aussi savoir garder sa concentration dans ces cas-l\u00e0 pour ne pas se rel\u00e2cher. Il a encore fait un bon match m\u00eame s\u2019il va devoir apprendre \u00e0 se canaliser la semaine pour garder assez d\u2019\u00e9nergie pour le match du week-end (il est sorti en fin de match suite \u00e0 des crampes, NDLR). Mais je pr\u00e9f\u00e8re quand m\u00eame un joueur qui donne trop que le contraire.<\/p>\n<p class=\"txt-question\">Un dernier mot sur l\u2019apart\u00e9 entre Luis Enrique et vous-m\u00eames en fin de match. Peut-on savoir ce que vous vous \u00eates dit\u00a0?<\/p>\n<p>Il a eu des mots agr\u00e9ables concernant notre performance en insistant sur les occasions que nous nous sommes procur\u00e9s. Je l\u2019ai remerci\u00e9 mais je lui ai dit que l\u2019on en avait quand m\u00eame pris six (sourire).<\/p>\n","protected":false},"excerpt":{"rendered":"l&rsquo;essentiel Apr\u00e8s deux succ\u00e8s en autant de matchs le TFC a lourdement chut\u00e9 devant l\u2019ogre parisien samedi soir&hellip;\n","protected":false},"author":2,"featured_media":355547,"comment_status":"","ping_status":"","sticky":false,"template":"","format":"standard","meta":{"footnotes":""},"categories":[1586],"tags":[11,1777,674,1779,1011,27,12,25,1778,364],"class_list":{"0":"post-355546","1":"post","2":"type-post","3":"status-publish","4":"format-standard","5":"has-post-thumbnail","7":"category-europe","8":"tag-actualites","9":"tag-eu","10":"tag-europe","11":"tag-european-union","12":"tag-fr","13":"tag-france","14":"tag-news","15":"tag-republique-francaise","16":"tag-ue","17":"tag-union-europeenne"},"share_on_mastodon":{"url":"https:\/\/pubeurope.com\/@fr\/115120806559565777","error":""},"_links":{"self":[{"href":"https:\/\/www.europesays.com\/fr\/wp-json\/wp\/v2\/posts\/355546","targetHints":{"allow":["GET"]}}],"collection":[{"href":"https:\/\/www.europesays.com\/fr\/wp-json\/wp\/v2\/posts"}],"about":[{"href":"https:\/\/www.europesays.com\/fr\/wp-json\/wp\/v2\/types\/post"}],"author":[{"embeddable":true,"href":"https:\/\/www.europesays.com\/fr\/wp-json\/wp\/v2\/users\/2"}],"replies":[{"embeddable":true,"href":"https:\/\/www.europesays.com\/fr\/wp-json\/wp\/v2\/comments?post=355546"}],"version-history":[{"count":0,"href":"https:\/\/www.europesays.com\/fr\/wp-json\/wp\/v2\/posts\/355546\/revisions"}],"wp:featuredmedia":[{"embeddable":true,"href":"https:\/\/www.europesays.com\/fr\/wp-json\/wp\/v2\/media\/355547"}],"wp:attachment":[{"href":"https:\/\/www.europesays.com\/fr\/wp-json\/wp\/v2\/media?parent=355546"}],"wp:term":[{"taxonomy":"category","embeddable":true,"href":"https:\/\/www.europesays.com\/fr\/wp-json\/wp\/v2\/categories?post=355546"},{"taxonomy":"post_tag","embeddable":true,"href":"https:\/\/www.europesays.com\/fr\/wp-json\/wp\/v2\/tags?post=355546"}],"curies":[{"name":"wp","href":"https:\/\/api.w.org\/{rel}","templated":true}]}}