{"id":355548,"date":"2025-08-31T01:34:12","date_gmt":"2025-08-31T01:34:12","guid":{"rendered":"https:\/\/www.europesays.com\/fr\/355548\/"},"modified":"2025-08-31T01:34:12","modified_gmt":"2025-08-31T01:34:12","slug":"la-demission-demmanuel-macron-serait-la-seule-solution-pour-sortir-de-la-crise-estime-eric-zemmour","status":"publish","type":"post","link":"https:\/\/www.europesays.com\/fr\/355548\/","title":{"rendered":"La d\u00e9mission d\u2019Emmanuel Macron \u00abserait la seule solution pour sortir de la crise\u00bb, estime \u00c9ric Zemmour"},"content":{"rendered":"<p>Le pr\u00e9sident du parti d\u2019extr\u00eame droite Reconqu\u00eate souhaite une nouvelle \u00e9lection pr\u00e9sidentielle pour \u00abtrancher les grandes questions\u00bb.<\/p>\n<p class=\"fig-paragraph\">La d\u00e9mission d\u2019<a href=\"http:\/\/www.lefigaro.fr\/vox\/politique\/philippe-villin-et-olivier-babeau-emmanuel-macron-a-rate-son-ete-meurtrier-pour-l-economie-francaise-20250829\" data-fig-type=\"Article\" data-gtm-custom-categorie=\"navigation\" data-gtm-custom-action=\"crossclick\" data-gtm-custom-label=\"Contextuel\" data-gtm-event=\"customEventSPE\" data-fig-domain=\"LEFIGARO\" target=\"_blank\" rel=\"noopener\">Emmanuel Macron<\/a>\u00a0\u00abserait la seule solution pour sortir de la crise\u00bb ouverte par le vote de confiance convoqu\u00e9 par Fran\u00e7ois Bayrou le 8 septembre, estime\u00a0<a href=\"http:\/\/www.lefigaro.fr\/vox\/monde\/eric-zemmour-en-accordant-le-statut-de-refugie-a-tous-les-gazaouis-la-cour-nationale-du-droit-d-asile-ignore-la-souverainete-populaire-20250713\" data-fig-type=\"Article\" data-gtm-custom-categorie=\"navigation\" data-gtm-custom-action=\"crossclick\" data-gtm-custom-label=\"Contextuel\" data-gtm-event=\"customEventSPE\" data-fig-domain=\"LEFIGARO\" target=\"_blank\" rel=\"noopener\">\u00c9ric Zemmour<\/a>, dans un entretien au\u00a0<a href=\"https:\/\/www.lejdd.fr\/politique\/eric-zemmour-et-sarah-knafo-les-temps-de-tempete-exigent-des-solutions-radicales-161409\" target=\"_blank\" rel=\"sponsored noopener\" data-gtm-custom-categorie=\"navigation\" data-gtm-custom-action=\"crossclick\" data-gtm-custom-label=\"Contextuel\" data-gtm-event=\"customEventSPE\">JDD\u00a0<\/a>publi\u00e9 samedi 30 ao\u00fbt.<\/p>\n<p class=\"fig-paragraph\">Le d\u00e9part du chef de l\u2019\u00c9tat \u00abpermettrait une nouvelle \u00e9lection pr\u00e9sidentielle, (la) seule qui permette de trancher les grandes questions\u00bb, explique le pr\u00e9sident du parti d\u2019extr\u00eame droite Reconqu\u00eate.<\/p>\n<p>                                    <a class=\"fig-a11y-skip a11y-hidden\" href=\"#fig-a11y-skip-main-inarticle\"><br \/>\n        Passer la publicit\u00e9<br \/>\n    <\/a><\/p>\n<p class=\"fig-paragraph\">Position align\u00e9e &#8211; une fois n\u2019est pas coutume &#8211; avec la France insoumise qui pr\u00e9pare d\u00e9j\u00e0 une motion de destitution du pr\u00e9sident de la R\u00e9publique, tandis que<a href=\"http:\/\/www.lefigaro.fr\/politique\/on-ne-peut-pas-tenir-deux-ans-comme-ca-pour-bardella-dissoudre-l-assemblee-nationale-reste-inevitable-20250830\" data-fig-type=\"NewsFlash\" data-gtm-custom-categorie=\"navigation\" data-gtm-custom-action=\"crossclick\" data-gtm-custom-label=\"Contextuel\" data-gtm-event=\"customEventSPE\" data-fig-domain=\"LEFIGARO\" target=\"_blank\" rel=\"noopener\">\u00a0le Rassemblement national mise plut\u00f4t sur une dissolution<\/a>\u00a0et de nouvelles l\u00e9gislatives anticip\u00e9es apr\u00e8s<a href=\"http:\/\/www.lefigaro.fr\/politique\/a-la-foire-de-chalons-le-chant-du-cygne-de-francois-bayrou-20250829\" data-fig-type=\"Article\" data-gtm-custom-categorie=\"navigation\" data-gtm-custom-action=\"crossclick\" data-gtm-custom-label=\"Contextuel\" data-gtm-event=\"customEventSPE\" data-fig-domain=\"LEFIGARO\" target=\"_blank\" rel=\"noopener\">\u00a0la chute attendue du gouvernement Bayrou<\/a>.<\/p>\n<p class=\"fig-body-link\">\n            \u00c0 lire aussi<br \/>\n        <a class=\"fig-body-link__link fig-premium-mark\" href=\"http:\/\/www.lefigaro.fr\/politique\/d-accord-avec-le-constat-de-francois-bayrou-edouard-philippe-alerte-sur-le-noeud-coulant-de-la-dette-20250830\" data-fig-type=\"NewsFlash\" data-gtm-custom-categorie=\"navigation\" data-gtm-custom-action=\"crossclick\" data-gtm-custom-label=\"Contextuel\" data-gtm-event=\"customEventSPE\" data-fig-domain=\"LEFIGARO\" target=\"_blank\" rel=\"noopener\">\u00abD\u2019accord\u00bb avec le \u00abconstat\u00bb de Fran\u00e7ois Bayrou, \u00c9douard Philippe alerte sur le \u00abn\u0153ud coulant\u00bb de la dette<br \/>\n    <\/a>\n<\/p>\n<p>\u00abPas assez de panache\u00bb<\/p>\n<p class=\"fig-paragraph\">\u00c9ric Zemmour ne se fait cependant gu\u00e8re d\u2019illusion sur une d\u00e9mission d\u2019Emmanuel Macron\u00a0: \u00abM\u00eame s\u2019il se sait rejet\u00e9, il n\u2019a pas assez de panache pour renoncer au pouvoir\u00bb.<\/p>\n<p class=\"fig-paragraph\">Le quatri\u00e8me homme de la pr\u00e9sidentielle 2022, qui fait sa rentr\u00e9e politique dimanche \u00e0 Orange (Vaucluse) et doit y lancer la campagne de son parti pour les municipales de mars 2026, songe d\u00e9j\u00e0 \u00e0 la prochaine course vers l\u2019\u00c9lys\u00e9e.<\/p>\n<p class=\"fig-paragraph\">\u00abEn 2027, nous remettrons les compteurs \u00e0 z\u00e9ro\u00bb et \u00abReconqu\u00eate sera l\u00e0\u00bb, assure-t-il, sans pour autant se d\u00e9clarer candidat.<\/p>\n","protected":false},"excerpt":{"rendered":"Le pr\u00e9sident du parti d\u2019extr\u00eame droite Reconqu\u00eate souhaite une nouvelle \u00e9lection pr\u00e9sidentielle pour \u00abtrancher les grandes questions\u00bb. La&hellip;\n","protected":false},"author":2,"featured_media":355549,"comment_status":"","ping_status":"","sticky":false,"template":"","format":"standard","meta":{"footnotes":""},"categories":[2],"tags":[11,1073,3220,1011,27,12,10838,25],"class_list":{"0":"post-355548","1":"post","2":"type-post","3":"status-publish","4":"format-standard","5":"has-post-thumbnail","7":"category-actualites","8":"tag-actualites","9":"tag-emmanuel-macron","10":"tag-eric-zemmour","11":"tag-fr","12":"tag-france","13":"tag-news","14":"tag-reconquete","15":"tag-republique-francaise"},"share_on_mastodon":{"url":"https:\/\/pubeurope.com\/@fr\/115120810429538677","error":""},"_links":{"self":[{"href":"https:\/\/www.europesays.com\/fr\/wp-json\/wp\/v2\/posts\/355548","targetHints":{"allow":["GET"]}}],"collection":[{"href":"https:\/\/www.europesays.com\/fr\/wp-json\/wp\/v2\/posts"}],"about":[{"href":"https:\/\/www.europesays.com\/fr\/wp-json\/wp\/v2\/types\/post"}],"author":[{"embeddable":true,"href":"https:\/\/www.europesays.com\/fr\/wp-json\/wp\/v2\/users\/2"}],"replies":[{"embeddable":true,"href":"https:\/\/www.europesays.com\/fr\/wp-json\/wp\/v2\/comments?post=355548"}],"version-history":[{"count":0,"href":"https:\/\/www.europesays.com\/fr\/wp-json\/wp\/v2\/posts\/355548\/revisions"}],"wp:featuredmedia":[{"embeddable":true,"href":"https:\/\/www.europesays.com\/fr\/wp-json\/wp\/v2\/media\/355549"}],"wp:attachment":[{"href":"https:\/\/www.europesays.com\/fr\/wp-json\/wp\/v2\/media?parent=355548"}],"wp:term":[{"taxonomy":"category","embeddable":true,"href":"https:\/\/www.europesays.com\/fr\/wp-json\/wp\/v2\/categories?post=355548"},{"taxonomy":"post_tag","embeddable":true,"href":"https:\/\/www.europesays.com\/fr\/wp-json\/wp\/v2\/tags?post=355548"}],"curies":[{"name":"wp","href":"https:\/\/api.w.org\/{rel}","templated":true}]}}