{"id":355550,"date":"2025-08-31T01:35:12","date_gmt":"2025-08-31T01:35:12","guid":{"rendered":"https:\/\/www.europesays.com\/fr\/355550\/"},"modified":"2025-08-31T01:35:12","modified_gmt":"2025-08-31T01:35:12","slug":"rugby-a-7-lubb-sevens-fait-tomber-monaco-lors-de-la-3e-etape-de-lin-extenso-supersevens-a-pau","status":"publish","type":"post","link":"https:\/\/www.europesays.com\/fr\/355550\/","title":{"rendered":"Rugby \u00e0 7 \u2013 L\u2019UBB Sevens fait tomber Monaco lors de la 3e \u00e9tape de l&rsquo;In Extenso Supersevens, \u00e0 Pau"},"content":{"rendered":"<p>\n                Au terme de deux finales \u00e0 grand suspens, l\u2019UBB Sevens et Bobigny remportent l\u2019\u00e9tape de l\u2019In Extenso Super Sevens de Pau.\n            <\/p>\n<p>Les Mon\u00e9gasques ne sont pas imbattables. D\u00e9cevants lors des deux premi\u00e8res \u00e9tapes de Mont-de-Marsan et Dax, les joueurs de l\u2019UBB Sevens se sont largement rattrap\u00e9s \u00e0 Pau. Gr\u00e2ce \u00e0 ses deux Argentins Marcos Moneta et Luciano Gonzales, les Bordelais remportent une finale \u00e0 couper le souffle (19-14). En face, les Mon\u00e9gasques n\u2019ont rien l\u00e2ch\u00e9 malgr\u00e9 la fatigue.<\/p>\n<p>Bobigny vainqueur chez les f\u00e9minines<\/p>\n<p>Championnes l\u2019an dernier de l\u2019In Extenso Super sevens, les Franciliennes ont confirm\u00e9 leur statut de reines de la discipline sur la sc\u00e8ne fran\u00e7aise. Au golden score et face \u00e0 de tr\u00e8s vaillantes toulousaines, elles remportent la finale 17-12 gr\u00e2ce \u00e0 un dernier essai d\u2019Hada Traor\u00e9. Tout ce beau monde se donne d\u00e9sormais rendez-vous en f\u00e9vrier \u00e0 la Paris La D\u00e9fense Arena pour la grande finale de l\u2019In Extenso Super Sevens.\u00a0<\/p>\n","protected":false},"excerpt":{"rendered":"Au terme de deux finales \u00e0 grand suspens, l\u2019UBB Sevens et Bobigny remportent l\u2019\u00e9tape de l\u2019In Extenso Super&hellip;\n","protected":false},"author":2,"featured_media":355551,"comment_status":"","ping_status":"","sticky":false,"template":"","format":"standard","meta":{"footnotes":""},"categories":[2],"tags":[11,1011,27,12,25],"class_list":{"0":"post-355550","1":"post","2":"type-post","3":"status-publish","4":"format-standard","5":"has-post-thumbnail","7":"category-actualites","8":"tag-actualites","9":"tag-fr","10":"tag-france","11":"tag-news","12":"tag-republique-francaise"},"share_on_mastodon":{"url":"https:\/\/pubeurope.com\/@fr\/115120814432621547","error":""},"_links":{"self":[{"href":"https:\/\/www.europesays.com\/fr\/wp-json\/wp\/v2\/posts\/355550","targetHints":{"allow":["GET"]}}],"collection":[{"href":"https:\/\/www.europesays.com\/fr\/wp-json\/wp\/v2\/posts"}],"about":[{"href":"https:\/\/www.europesays.com\/fr\/wp-json\/wp\/v2\/types\/post"}],"author":[{"embeddable":true,"href":"https:\/\/www.europesays.com\/fr\/wp-json\/wp\/v2\/users\/2"}],"replies":[{"embeddable":true,"href":"https:\/\/www.europesays.com\/fr\/wp-json\/wp\/v2\/comments?post=355550"}],"version-history":[{"count":0,"href":"https:\/\/www.europesays.com\/fr\/wp-json\/wp\/v2\/posts\/355550\/revisions"}],"wp:featuredmedia":[{"embeddable":true,"href":"https:\/\/www.europesays.com\/fr\/wp-json\/wp\/v2\/media\/355551"}],"wp:attachment":[{"href":"https:\/\/www.europesays.com\/fr\/wp-json\/wp\/v2\/media?parent=355550"}],"wp:term":[{"taxonomy":"category","embeddable":true,"href":"https:\/\/www.europesays.com\/fr\/wp-json\/wp\/v2\/categories?post=355550"},{"taxonomy":"post_tag","embeddable":true,"href":"https:\/\/www.europesays.com\/fr\/wp-json\/wp\/v2\/tags?post=355550"}],"curies":[{"name":"wp","href":"https:\/\/api.w.org\/{rel}","templated":true}]}}